{"id":361298,"date":"2026-09-01T20:45:18","date_gmt":"2026-09-01T20:45:18","guid":{"rendered":"https:\/\/www.europesays.com\/se\/361298\/"},"modified":"2026-09-01T20:45:18","modified_gmt":"2026-09-01T20:45:18","slug":"vilken-bomb-robin-quaison-flyttar-hem-till-division-fyra","status":"publish","type":"post","link":"https:\/\/www.europesays.com\/se\/361298\/","title":{"rendered":"Vilken bomb &#8211; Robin Quaison flyttar hem till Division Fyra"},"content":{"rendered":"<p>Vilken <a style=\"box-sizing: border-box; color: rgb(17, 85, 204); outline: none; cursor: pointer; transition: color 0.3s; touch-action: manipulation; letter-spacing: normal; orphans: 2; text-align: left; text-indent: 0px; text-transform: none; widows: 2; word-spacing: 0px; -webkit-text-stroke-width: 0px; white-space: pre-wrap\" target=\"_blank\" href=\"https:\/\/www.instagram.com\/p\/DcwMJduMQPt\/?hl=sv\" rel=\"nofollow noopener\">bomb <\/a>vi \u00e4nd\u00e5 fick se under tisdagen. I ljuset av allt med internationell fotboll, s\u00e5 flyttar Robin Quaison hem till Sverige, men inte till AIK, utan till Rinkeby United FC i Division Fyra (!). <\/p>\n<p>Han blir d\u00e4rmed lagkamrat med Erkan Zengin, John Guidetti, Stefan Silva, Alexander Milosevic, Martin Mutumba och Yussuf Saleh. <\/p>\n<p>Han har varit i just AIK, men ocks\u00e5 i V\u00e4sby United, Palermo, Mainz 05, Al-Ettifaq, Aris Thessaloniki och Gulf United. <\/p>\n<p><img decoding=\"async\" src=\"https:\/\/www.europesays.com\/se\/wp-content\/uploads\/2026\/09\/2034835.jpg\"\/><\/p>\n<p>Skulle Robin Quaison ha valt AIK ist\u00e4llet? <\/p>\n<p>Kommentera nedan! <\/p>\n<p><script async src=\"\/\/www.instagram.com\/embed.js\"><\/script><\/p>\n","protected":false},"excerpt":{"rendered":"Vilken bomb vi \u00e4nd\u00e5 fick se under tisdagen. I ljuset av allt med internationell fotboll, s\u00e5 flyttar Robin&hellip;\n","protected":false},"author":2,"featured_media":361299,"comment_status":"","ping_status":"","sticky":false,"template":"","format":"standard","meta":{"footnotes":"","_share_on_mastodon":"0"},"categories":[68],"tags":[3711,41231,159,41233,33967,41228,41234,41230,41229,6971,12480,41232,34,160,111,110,40833,31,33,32,30,41227],"class_list":["post-361298","post","type-post","status-publish","format-standard","has-post-thumbnail","category-sport","tag-aik","tag-al-ettifaq","tag-allsvenskan","tag-aris-thessaloniki","tag-bundesliga","tag-division-fyra","tag-gulf-united","tag-mainz-05","tag-palermo","tag-rinkeby-united","tag-robin-quaison","tag-saudi-pro-league","tag-se","tag-serie-a","tag-sport","tag-sports","tag-superligan","tag-svenska","tag-sverige","tag-sweden","tag-swedish","tag-vasby-united"],"share_on_mastodon":{"url":"https:\/\/pubeurope.com\/@se\/117197742735615144","error":""},"_links":{"self":[{"href":"https:\/\/www.europesays.com\/se\/wp-json\/wp\/v2\/posts\/361298","targetHints":{"allow":["GET"]}}],"collection":[{"href":"https:\/\/www.europesays.com\/se\/wp-json\/wp\/v2\/posts"}],"about":[{"href":"https:\/\/www.europesays.com\/se\/wp-json\/wp\/v2\/types\/post"}],"author":[{"embeddable":true,"href":"https:\/\/www.europesays.com\/se\/wp-json\/wp\/v2\/users\/2"}],"replies":[{"embeddable":true,"href":"https:\/\/www.europesays.com\/se\/wp-json\/wp\/v2\/comments?post=361298"}],"version-history":[{"count":0,"href":"https:\/\/www.europesays.com\/se\/wp-json\/wp\/v2\/posts\/361298\/revisions"}],"wp:featuredmedia":[{"embeddable":true,"href":"https:\/\/www.europesays.com\/se\/wp-json\/wp\/v2\/media\/361299"}],"wp:attachment":[{"href":"https:\/\/www.europesays.com\/se\/wp-json\/wp\/v2\/media?parent=361298"}],"wp:term":[{"taxonomy":"category","embeddable":true,"href":"https:\/\/www.europesays.com\/se\/wp-json\/wp\/v2\/categories?post=361298"},{"taxonomy":"post_tag","embeddable":true,"href":"https:\/\/www.europesays.com\/se\/wp-json\/wp\/v2\/tags?post=361298"}],"curies":[{"name":"wp","href":"https:\/\/api.w.org\/{rel}","templated":true}]}}