{"id":361452,"date":"2026-09-01T22:50:15","date_gmt":"2026-09-01T22:50:15","guid":{"rendered":"https:\/\/www.europesays.com\/se\/361452\/"},"modified":"2026-09-01T22:50:15","modified_gmt":"2026-09-01T22:50:15","slug":"rankar-allsvenskans-basta-sommarvarvningar-2026-bast-av-alla","status":"publish","type":"post","link":"https:\/\/www.europesays.com\/se\/361452\/","title":{"rendered":"(+) Rankar allsvenskans b\u00e4sta sommarv\u00e4rvningar 2026: \u201dB\u00e4st av alla\u201d"},"content":{"rendered":"\n<p class=\"_textTheme_4io5p_1 _paragraph_16k26_4 _paragraph_3ue4t_27 layout-component layout-normal layout-padded layout-component layout-normal layout-padded body-medium\"><strong class=\"_strong_16k26_20\">Har vi sett ett galnare sommarf\u00f6nster?<\/strong><\/p>\n<p class=\"_textTheme_4io5p_1 _paragraph_16k26_4 _paragraph_3ue4t_27 layout-component layout-normal layout-padded layout-component layout-normal layout-padded body-medium\"><strong class=\"_strong_16k26_20\">Det har forsat in nyf\u00f6rv\u00e4rv till allsvenskan.<\/strong><\/p>\n<p class=\"_textTheme_4io5p_1 _paragraph_16k26_4 _paragraph_3ue4t_27 layout-component layout-normal layout-padded layout-component layout-normal layout-padded body-medium\"><strong class=\"_strong_16k26_20\">Sportbladets Per Bohman rankar de b\u00e4sta nyf\u00f6rv\u00e4rven \u2013 och listar hela 67 namn.<\/strong><\/p>\n<p class=\"_textTheme_4io5p_1 _paragraph_16k26_4 _paragraph_3ue4t_27 layout-component layout-normal layout-padded layout-component layout-normal layout-padded body-medium\"> K\u00e4llorna lyriska \u2013 kan bli ny jackpott: \u201dDet l\u00e5ter ju \u00f6verj\u00e4vligt\u201d<\/p>\n<p class=\"_textTheme_4io5p_1 _paragraph_16k26_4 _paragraph_3ue4t_27 layout-component layout-normal layout-padded layout-component layout-normal layout-padded body-medium\"> Redan motbevisat experten: \u201dJag var skeptisk \u2013 har visat sig vara en av sommarens smartaste aff\u00e4rer\u201d<\/p>\n<p class=\"_textTheme_4io5p_1 _paragraph_16k26_4 _paragraph_3ue4t_27 layout-component layout-normal layout-padded layout-component layout-normal layout-padded body-medium\"> S\u00e5gas: \u201dFinns ett osynligt kraftf\u00e4lt runt honom\u201d<\/p>\n<p class=\"_textTheme_4io5p_1 _paragraph_16k26_4 _paragraph_3ue4t_27 layout-component layout-normal layout-padded layout-component layout-normal layout-padded body-medium\"> Storklubbens nyckelv\u00e4rvning: \u201dVar avg\u00f6rande f\u00f6r att resten av s\u00e4songen inte ska g\u00e5 helt \u00e5t helvete\u201d<\/p>\n<p class=\"_textTheme_4io5p_1 _paragraph_16k26_4 _paragraph_3ue4t_27 layout-component layout-normal layout-padded layout-component layout-normal layout-padded body-medium\"> Han \u00e4r sommarens b\u00e4sta v\u00e4rvning: \u201dJag vet, det \u00e4r \u00f6ppet m\u00e5l att kritisera det h\u00e4r beslutet\u201d<\/p>\n","protected":false},"excerpt":{"rendered":"Har vi sett ett galnare sommarf\u00f6nster? Det har forsat in nyf\u00f6rv\u00e4rv till allsvenskan. Sportbladets Per Bohman rankar de&hellip;\n","protected":false},"author":2,"featured_media":361453,"comment_status":"","ping_status":"","sticky":false,"template":"","format":"standard","meta":{"footnotes":"","_share_on_mastodon":"0"},"categories":[68],"tags":[460,458,1555,7952,1232,459,1110,2280,859,576,1102,4431,18535,557,469,10917,34,111,110,31,33,32,30,12783],"class_list":["post-361452","post","type-post","status-publish","format-standard","has-post-thumbnail","category-sport","tag-aik-fotboll","tag-allsvenskan-i-fotboll","tag-bk-hacken","tag-bp","tag-degerfors-if","tag-djurgardens-if-fotboll","tag-gais","tag-halmstads-bk","tag-hammarby-if-fotboll","tag-if-elfsborg","tag-ifk-goteborg","tag-ik-sirius-fk","tag-kalmar-ff","tag-malmo-ff","tag-mjallby-aif","tag-orgryte-is","tag-se","tag-sport","tag-sports","tag-svenska","tag-sverige","tag-sweden","tag-swedish","tag-vasteras-sk-fotboll"],"share_on_mastodon":{"url":"https:\/\/pubeurope.com\/@se\/117198233772659709","error":""},"_links":{"self":[{"href":"https:\/\/www.europesays.com\/se\/wp-json\/wp\/v2\/posts\/361452","targetHints":{"allow":["GET"]}}],"collection":[{"href":"https:\/\/www.europesays.com\/se\/wp-json\/wp\/v2\/posts"}],"about":[{"href":"https:\/\/www.europesays.com\/se\/wp-json\/wp\/v2\/types\/post"}],"author":[{"embeddable":true,"href":"https:\/\/www.europesays.com\/se\/wp-json\/wp\/v2\/users\/2"}],"replies":[{"embeddable":true,"href":"https:\/\/www.europesays.com\/se\/wp-json\/wp\/v2\/comments?post=361452"}],"version-history":[{"count":0,"href":"https:\/\/www.europesays.com\/se\/wp-json\/wp\/v2\/posts\/361452\/revisions"}],"wp:featuredmedia":[{"embeddable":true,"href":"https:\/\/www.europesays.com\/se\/wp-json\/wp\/v2\/media\/361453"}],"wp:attachment":[{"href":"https:\/\/www.europesays.com\/se\/wp-json\/wp\/v2\/media?parent=361452"}],"wp:term":[{"taxonomy":"category","embeddable":true,"href":"https:\/\/www.europesays.com\/se\/wp-json\/wp\/v2\/categories?post=361452"},{"taxonomy":"post_tag","embeddable":true,"href":"https:\/\/www.europesays.com\/se\/wp-json\/wp\/v2\/tags?post=361452"}],"curies":[{"name":"wp","href":"https:\/\/api.w.org\/{rel}","templated":true}]}}