{"id":361896,"date":"2026-09-02T05:35:45","date_gmt":"2026-09-02T05:35:45","guid":{"rendered":"https:\/\/www.europesays.com\/se\/361896\/"},"modified":"2026-09-02T05:35:45","modified_gmt":"2026-09-02T05:35:45","slug":"rebecca-stella-om-succen-pa-snapchat","status":"publish","type":"post","link":"https:\/\/www.europesays.com\/se\/361896\/","title":{"rendered":"Rebecca Stella om succ\u00e9n p\u00e5 Snapchat"},"content":{"rendered":"<p>   \u201dG\u00f6r ingenting gratis\u201d<a class=\"_link_1lr5y_108\" href=\"https:\/\/aftonbladet.se\/av\/stina-dahlgren\" title=\"Stina Dahlgren\" rel=\"nofollow noopener\" target=\"_blank\"><img alt=\"Bild av Stina Dahlgren\" class=\"_image_1lr5y_85\" fetchpriority=\"low\" decoding=\"async\" itemprop=\"image\" loading=\"lazy\"  src=\"https:\/\/www.europesays.com\/se\/wp-content\/uploads\/2026\/09\/a5192bfe-6b51-4da7-a57e-03de4578b119.png\"  width=\"480\"\/><\/a>  <img class=\"_image_1a8ez_62 layout-component layout-wide\" data-fullscreen- data-track-element-type=\"Article image fullscreen\" data-track-name=\"ImageFullscreen\" fetchpriority=\"high\" decoding=\"sync\" loading=\"eager\" height=\"181\" itemprop=\"image\"  src=\"https:\/\/www.europesays.com\/se\/wp-content\/uploads\/2026\/09\/8e92f130650e61fe15f75bc60c0fb6a2.jpg\"  style=\"object-position:50% 50%;aspect-ratio:1.7777777777777777;height:auto;object-fit:cover;width:100%\" width=\"102\"\/>  <\/p>\n<p class=\"_textTheme_4io5p_1 _lead_16k26_2 _lead_3ue4t_18 layout-component layout-normal layout-padded _lead_o6m9k_5 _leadTheme_cypwp_1 body-large bold\">Det forts\u00e4tter att g\u00e5 bra f\u00f6r Rebecca Stella. <\/p>\n<p class=\"_textTheme_4io5p_1 _lead_16k26_2 _lead_3ue4t_18 layout-component layout-normal layout-padded _lead_o6m9k_5 _leadTheme_cypwp_1 body-large bold\">Nu satsar \u201dParadise hotel\u201d-programledaren p\u00e5 att ta \u00f6ver Snapchat. <\/p>\n<p class=\"_textTheme_4io5p_1 _lead_16k26_2 _lead_3ue4t_18 layout-component layout-normal layout-padded _lead_o6m9k_5 _leadTheme_cypwp_1 body-large bold\">\u2013 Jag tj\u00e4nar j\u00e4ttebra, s\u00e4ger hon. <\/p>\n<p>Sammanfattningen \u00e4r skapad med artificiell intelligens och kvalitetss\u00e4krad av Aftonbladets journalister.<\/p>\n<ul class=\"_list_16k26_3 _list_tj395_103 _unordered_16k26_103 _textTheme_4io5p_1 body-small\">\n<li class=\"_item_16k26_63\">Rebecca Stella forts\u00e4tter som programledare f\u00f6r \u201dParadise hotel\u201d och \u00e4lskar sitt arbete d\u00e4r, nu under sin nionde s\u00e4song.<\/li>\n<li class=\"_item_16k26_63\">F\u00f6rutom programledarskapet har Rebecca Stella \u00e4ven ett kl\u00e4dm\u00e4rke och en aktiv n\u00e4rvaro p\u00e5 sociala medier, s\u00e4rskilt p\u00e5 Instagram och nu Snapchat.<\/li>\n<li class=\"_item_16k26_63\">Rebecca Stella har b\u00f6rjat satsa intensivt p\u00e5 Snapchat som en plattform d\u00e4r hon k\u00e4nner att hon kan vara sig sj\u00e4lv och d\u00e4r hon ocks\u00e5 tj\u00e4nar inkomst, men detaljer om inkomsterna avsl\u00f6jas inte.<\/li>\n<\/ul>\n<p>L\u00e4s mer  <\/p>\n<p class=\"_textTheme_4io5p_1 _paragraph_16k26_4 _paragraph_3ue4t_27 layout-component layout-normal layout-padded body-medium\">Hon g\u00f6r just nu sin nionde s\u00e4song av \u201dParadise hotel\u201d. Men \u00e4n har programledaren <strong class=\"_strong_16k26_20\">Rebecca Stella<\/strong>, 40, inte tr\u00f6ttnat. <\/p>\n<p class=\"_textTheme_4io5p_1 _paragraph_16k26_4 _paragraph_3ue4t_27 layout-component layout-normal layout-padded body-medium\">\u2013 Det g\u00f6r jag aldrig, s\u00e4ger hon. <\/p>\n<p class=\"_textTheme_4io5p_1 _paragraph_16k26_4 _paragraph_3ue4t_27 layout-component layout-normal layout-padded body-medium\">Hon ber\u00e4ttar att hon \u00e4lskar att f\u00e5 vara en del av produktionen och programmet, samtidigt som huvudfokus inte \u00e4r p\u00e5 henne. <\/p>\n<p class=\"_textTheme_4io5p_1 _paragraph_16k26_4 _paragraph_3ue4t_27 layout-component layout-normal layout-padded body-medium\">\u2013 Jag \u00e4lskar att jobba med det h\u00e4r, s\u00e4ger hon.<\/p>\n<p> <img alt=\"\" class=\"_image_1jxax_84 layout-component layout-normal\" data-fullscreen- data-track-element-type=\"Article image fullscreen\" data-track-name=\"ImageFullscreen\" decoding=\"async\" loading=\"lazy\" height=\"3930\" itemprop=\"image\"  src=\"https:\/\/www.europesays.com\/se\/wp-content\/uploads\/2026\/09\/98e7c539-9df3-33c4-86a1-396a02b3ee84.jpeg\"  style=\"object-position:0% 0%\" width=\"5895\"\/> Foto: Malte KvarnrydVisa mer <\/p>\n<p class=\"_textTheme_4io5p_1 _paragraph_16k26_4 _paragraph_3ue4t_27 layout-component layout-normal layout-padded body-medium\">F\u00f6rutom sitt programledarjobb har Rebecca Stella ett eget kl\u00e4dm\u00e4rke samt jobbar med sociala medier. P\u00e5 Instagram har hon \u00f6ver 400 000 f\u00f6ljare, och nyligen b\u00f6rjade hon satsa h\u00e5rt p\u00e5 Snapchat. Det \u00e4r inte ovanligt att Rebecca Stella publicerar \u00f6ver hundra snaps p\u00e5 en dag. <\/p>\n<p class=\"_textTheme_4io5p_1 _paragraph_16k26_4 _paragraph_3ue4t_27 layout-component layout-normal layout-padded body-medium\">\u2013 Jag har f\u00f6rs\u00f6kt med det h\u00e4r med Youtube och man ska l\u00e4gga upp bilder p\u00e5 Instagram. Men jag \u00e4r ingen person som \u00e4r s\u00e5 \u201dimorgon vill jag l\u00e4gga upp den h\u00e4r videon\u201d. Jag vill bara \u201dhej, h\u00e4r \u00e4r jag, det h\u00e4r \u00e4r mitt liv\u201d. <\/p>\n<p class=\"_textTheme_4io5p_1 _paragraph_16k26_4 _paragraph_3ue4t_27 layout-component layout-normal layout-padded body-medium\">Hon upplever att hon kan vara mer sig sj\u00e4lv p\u00e5 Snapchat. <\/p>\n<p class=\"_textTheme_4io5p_1 _paragraph_16k26_4 _paragraph_3ue4t_27 layout-component layout-normal layout-padded body-medium\">\u2013 Och det \u00e4lskar jag.<\/p>\n<p> <img alt=\"Rebecca Stella.\" class=\"_image_1jxax_84 layout-component layout-normal\" data-fullscreen- data-track-element-type=\"Article image fullscreen\" data-track-name=\"ImageFullscreen\" decoding=\"async\" loading=\"lazy\" height=\"2465\" itemprop=\"image\"  src=\"https:\/\/www.europesays.com\/se\/wp-content\/uploads\/2026\/09\/ebe2d455-d2a1-36a6-880a-6341b5edd773.jpeg\"  style=\"object-position:0% 0%\" width=\"3690\"\/>Rebecca Stella. Foto: Nellie H\u00e5kanssonVisa mer <\/p>\n<p class=\"_textTheme_4io5p_1 _paragraph_16k26_4 _paragraph_3ue4t_27 layout-component layout-normal layout-padded body-medium\"><strong class=\"_strong_16k26_20\">F\u00e5r du en inkomst p\u00e5 Snapchat?<\/strong><\/p>\n<p class=\"_textTheme_4io5p_1 _paragraph_16k26_4 _paragraph_3ue4t_27 layout-component layout-normal layout-padded body-medium\">\u2013 Ja, jag g\u00f6r ingenting gratis. <\/p>\n<p class=\"_textTheme_4io5p_1 _paragraph_16k26_4 _paragraph_3ue4t_27 layout-component layout-normal layout-padded body-medium\"><strong class=\"_strong_16k26_20\">Hur mycket tj\u00e4nar du p\u00e5 Snapchat?<\/strong><\/p>\n<p class=\"_textTheme_4io5p_1 _paragraph_16k26_4 _paragraph_3ue4t_27 layout-component layout-normal layout-padded body-medium\">\u2013 Det f\u00e5r du inte veta, haha.<\/p>\n<p class=\"_textTheme_4io5p_1 _paragraph_16k26_4 _paragraph_3ue4t_27 layout-component layout-normal layout-padded body-medium\"><strong class=\"_strong_16k26_20\">Tj\u00e4nar du b\u00e4st p\u00e5 att programleda \u201dParadise hotel\u201d eller p\u00e5 Snapchat?<\/strong><\/p>\n<p class=\"_textTheme_4io5p_1 _paragraph_16k26_4 _paragraph_3ue4t_27 layout-component layout-normal layout-padded body-medium\">\u2013 B\u00e5de och. <\/p>\n<p class=\"_textTheme_4io5p_1 _paragraph_16k26_4 _paragraph_3ue4t_27 layout-component layout-normal layout-padded body-medium\"><strong class=\"_strong_16k26_20\">Du m\u00e5ste v\u00e4l kunna s\u00e4ga vilken av dem du tj\u00e4nar b\u00e4st p\u00e5 i alla fall?<\/strong><\/p>\n<p class=\"_textTheme_4io5p_1 _paragraph_16k26_4 _paragraph_3ue4t_27 layout-component layout-normal layout-padded body-medium\">\u2013 Nej, men jag tj\u00e4nar j\u00e4ttebra.<\/p>\n<p> <img alt=\"Rebecca Stella p\u00e5 Kristallen d\u00e4r b\u00e5de hon och \u201dParadise hotel\u201d var nominerade.\" class=\"_image_1jxax_84 layout-component layout-normal\" data-fullscreen- data-track-element-type=\"Article image fullscreen\" data-track-name=\"ImageFullscreen\" decoding=\"async\" loading=\"lazy\" height=\"8256\" itemprop=\"image\"  src=\"https:\/\/www.europesays.com\/se\/wp-content\/uploads\/2026\/09\/54a25560-7608-3f20-af37-6a5065291978.jpeg\"  style=\"object-position:0% 0%\" width=\"5504\"\/>Rebecca Stella p\u00e5 Kristallen d\u00e4r b\u00e5de hon och \u201dParadise hotel\u201d var nominerade. Foto: Christine Olsson\/TT \/ TT Nyhetsbyr\u00e5nVisa mer <\/p>\n<p class=\"_textTheme_4io5p_1 _paragraph_16k26_4 _paragraph_3ue4t_27 layout-component layout-normal layout-padded body-medium\">Rebecca Stella \u00e4r just nu aktuell med en ny s\u00e4song av \u201dParadise hotel\u201d som s\u00e4nds p\u00e5 Viaplay. <\/p>\n","protected":false},"excerpt":{"rendered":"\u201dG\u00f6r ingenting gratis\u201d Det forts\u00e4tter att g\u00e5 bra f\u00f6r Rebecca Stella. Nu satsar \u201dParadise hotel\u201d-programledaren p\u00e5 att ta&hellip;\n","protected":false},"author":2,"featured_media":361897,"comment_status":"","ping_status":"","sticky":false,"template":"","format":"standard","meta":{"footnotes":"","_share_on_mastodon":"0"},"categories":[67],"tags":[104,29936,1884,34,4545,31,33,32,30,105],"class_list":["post-361896","post","type-post","status-publish","format-standard","has-post-thumbnail","category-underhallning","tag-entertainment","tag-paradise-hotel","tag-rebecca-stella","tag-se","tag-snapchat","tag-svenska","tag-sverige","tag-sweden","tag-swedish","tag-underhallning"],"share_on_mastodon":{"url":"https:\/\/pubeurope.com\/@se\/117199826546950661","error":""},"_links":{"self":[{"href":"https:\/\/www.europesays.com\/se\/wp-json\/wp\/v2\/posts\/361896","targetHints":{"allow":["GET"]}}],"collection":[{"href":"https:\/\/www.europesays.com\/se\/wp-json\/wp\/v2\/posts"}],"about":[{"href":"https:\/\/www.europesays.com\/se\/wp-json\/wp\/v2\/types\/post"}],"author":[{"embeddable":true,"href":"https:\/\/www.europesays.com\/se\/wp-json\/wp\/v2\/users\/2"}],"replies":[{"embeddable":true,"href":"https:\/\/www.europesays.com\/se\/wp-json\/wp\/v2\/comments?post=361896"}],"version-history":[{"count":0,"href":"https:\/\/www.europesays.com\/se\/wp-json\/wp\/v2\/posts\/361896\/revisions"}],"wp:featuredmedia":[{"embeddable":true,"href":"https:\/\/www.europesays.com\/se\/wp-json\/wp\/v2\/media\/361897"}],"wp:attachment":[{"href":"https:\/\/www.europesays.com\/se\/wp-json\/wp\/v2\/media?parent=361896"}],"wp:term":[{"taxonomy":"category","embeddable":true,"href":"https:\/\/www.europesays.com\/se\/wp-json\/wp\/v2\/categories?post=361896"},{"taxonomy":"post_tag","embeddable":true,"href":"https:\/\/www.europesays.com\/se\/wp-json\/wp\/v2\/tags?post=361896"}],"curies":[{"name":"wp","href":"https:\/\/api.w.org\/{rel}","templated":true}]}}