{"id":362062,"date":"2026-09-02T07:46:11","date_gmt":"2026-09-02T07:46:11","guid":{"rendered":"https:\/\/www.europesays.com\/se\/362062\/"},"modified":"2026-09-02T07:46:11","modified_gmt":"2026-09-02T07:46:11","slug":"s-efter-chocksiffran-i-novus-en-vackarklocka-senaste-nytt-om-valet-2026-svt-nyheter","status":"publish","type":"post","link":"https:\/\/www.europesays.com\/se\/362062\/","title":{"rendered":"S efter chocksiffran i Novus: en v\u00e4ckarklocka \u2013 Senaste nytt om valet 2026 &#8211; SVT Nyheter"},"content":{"rendered":"<ol>\n<li><a href=\"https:\/\/news.google.com\/rss\/articles\/CBMioAFBVV95cUxOUzVlbnRvWm5tVUZQcklmaDRRNkg0RUQtcXM2SzJWd0hkUTZsLUxabDB0LUhaTHhVWmpkSnR0T1pkc1RMLXF2d2hyWmJLRnV5NDBuVmswTGVyNWVJWk5ZZVc4SzVVUTJqLVZfR09qU05YV3hBSkd2Nlp3Vy01RGhkOHBMYTdHWnFKTktXRGpQLVV5MV9mRlZVbFlfa3gxR3BG?oc=5\" target=\"_blank\" rel=\"nofollow noopener\">S efter chocksiffran i Novus: en v\u00e4ckarklocka \u2013 Senaste nytt om valet 2026<\/a>&nbsp;&nbsp;SVT Nyheter<\/li>\n<li><a href=\"https:\/\/news.google.com\/rss\/articles\/CBMipAFBVV95cUxNVVdJWS1kbnRjR1FoVThMY0Z1SWNKNjZhamY5bnZGQXIza2dqbE82RlJkN3hRQ2dHOUNpVlJnTXoxSmVYOW5JQ1BuM2paQXY0Q3dySnFkc282amVYbGdWTlBCS2ZDQ2lKa0FlelE4LUZaYk00V1JGN2w0cm1UQ2NWc0xsazdDTTdLYVVBUUVqaG9selJabzloRTAxMzgzcVBTV0VVWg?oc=5\" target=\"_blank\" rel=\"nofollow noopener\">LCDC AB \u2013 nytt f\u00f6retag startar i Norrt\u00e4lje<\/a>&nbsp;&nbsp;UNT<\/li>\n<li><a href=\"https:\/\/news.google.com\/rss\/articles\/CBMid0FVX3lxTFBJRFRzYTJpRFJvOUtiYThyUW5vcFVaWG44VTlKR3AzOWI4elhoX04zc25YVVNxRmN4X0R6bWZCS0VTMkkwR2U5VDdQeTk3QU96SVUtUERGZno0X2NvOGNFZkRROWxBck1EN215bGhvdE5yNUtQRks0?oc=5\" target=\"_blank\" rel=\"nofollow noopener\">INS\u00c4NDARE: Hur t\u00e4nker du inf\u00f6r valet 2026?<\/a>&nbsp;&nbsp;VLT<\/li>\n<li><a href=\"https:\/\/news.google.com\/rss\/articles\/CBMioAFBVV95cUxPXy1GRzFfVDNpU21tQXQ3OHNoTG5wS1FLT3lIREhpYmFkT3NHQTE1a3did1hxWHFwWUhNWVpJMnh3Ui1KRDFJNVM3cVoxbHJPdXN3eXlhQnZYV1Joa2pzMHVVMWtjUWY4Vlhpb2F6NlVlUUZnR3BfLThWb1FaQ0RMWTU4UXozUHVCRjdTcUJRN2hjS09qdW5fRVNVaHF2SWgx?oc=5\" target=\"_blank\" rel=\"nofollow noopener\">Andersson: \u201dVinst och utbildning passar inte ihop\u201d \u2013 Senaste nytt om valet 2026<\/a>&nbsp;&nbsp;SVT Nyheter<\/li>\n<li><a href=\"https:\/\/news.google.com\/rss\/articles\/CBMioAFBVV95cUxNWXBfQnBsSTJPWkJLVmZMT0xoVzZRdlBReFozeEFWUDZfMmlibC04cURhRWhQd05scUhRTXBVY2F1YXBHamh6eVh0M2Q4azJqRGg3TVhMTHphVFRHa0FCX21pNVBoUUhPQ3B1OGxPMEZSblhvNUY1aWZfa0k1UkNBVmFYdkxQQUpDUFJKOVF1TUk5YVFrcDdra2hETUNfeTlh?oc=5\" target=\"_blank\" rel=\"nofollow noopener\">SD-kritiken mot S tandv\u00e5rdsf\u00f6rslag: \u201dBillig kopia\u201d \u2013 Senaste nytt om valet 2026<\/a>&nbsp;&nbsp;SVT Nyheter<\/li>\n<\/ol>\n","protected":false},"excerpt":{"rendered":"S efter chocksiffran i Novus: en v\u00e4ckarklocka \u2013 Senaste nytt om valet 2026&nbsp;&nbsp;SVT Nyheter LCDC AB \u2013 nytt&hellip;\n","protected":false},"author":2,"featured_media":362063,"comment_status":"","ping_status":"","sticky":false,"template":"","format":"standard","meta":{"footnotes":"","_share_on_mastodon":"0"},"categories":[12],"tags":[22,23,26,27,17,21,24,25,28,29,15,16,18,34,31,33,32,30,19,20],"class_list":["post-362062","post","type-post","status-publish","format-standard","has-post-thumbnail","category-sverige","tag-breaking-news","tag-breakingnews","tag-featured-news","tag-featurednews","tag-headlines","tag-huvudnyheter","tag-latest-news","tag-latestnews","tag-main-news","tag-mainnews","tag-news","tag-nyheter","tag-rubriker","tag-se","tag-svenska","tag-sverige","tag-sweden","tag-swedish","tag-top-stories","tag-topstories"],"share_on_mastodon":{"url":"https:\/\/pubeurope.com\/@se\/117200341418171736","error":""},"_links":{"self":[{"href":"https:\/\/www.europesays.com\/se\/wp-json\/wp\/v2\/posts\/362062","targetHints":{"allow":["GET"]}}],"collection":[{"href":"https:\/\/www.europesays.com\/se\/wp-json\/wp\/v2\/posts"}],"about":[{"href":"https:\/\/www.europesays.com\/se\/wp-json\/wp\/v2\/types\/post"}],"author":[{"embeddable":true,"href":"https:\/\/www.europesays.com\/se\/wp-json\/wp\/v2\/users\/2"}],"replies":[{"embeddable":true,"href":"https:\/\/www.europesays.com\/se\/wp-json\/wp\/v2\/comments?post=362062"}],"version-history":[{"count":0,"href":"https:\/\/www.europesays.com\/se\/wp-json\/wp\/v2\/posts\/362062\/revisions"}],"wp:featuredmedia":[{"embeddable":true,"href":"https:\/\/www.europesays.com\/se\/wp-json\/wp\/v2\/media\/362063"}],"wp:attachment":[{"href":"https:\/\/www.europesays.com\/se\/wp-json\/wp\/v2\/media?parent=362062"}],"wp:term":[{"taxonomy":"category","embeddable":true,"href":"https:\/\/www.europesays.com\/se\/wp-json\/wp\/v2\/categories?post=362062"},{"taxonomy":"post_tag","embeddable":true,"href":"https:\/\/www.europesays.com\/se\/wp-json\/wp\/v2\/tags?post=362062"}],"curies":[{"name":"wp","href":"https:\/\/api.w.org\/{rel}","templated":true}]}}