{"id":362072,"date":"2026-09-02T07:54:16","date_gmt":"2026-09-02T07:54:16","guid":{"rendered":"https:\/\/www.europesays.com\/se\/362072\/"},"modified":"2026-09-02T07:54:16","modified_gmt":"2026-09-02T07:54:16","slug":"almhult-far-fortsatt-hogt-betyg-som-friluftskommun","status":"publish","type":"post","link":"https:\/\/www.europesays.com\/se\/362072\/","title":{"rendered":"\u00c4lmhult f\u00e5r fortsatt h\u00f6gt betyg som friluftskommun"},"content":{"rendered":"<p class=\"normal\">Rankningen \u201dSveriges friluftskommun\u201d genomf\u00f6rs varje \u00e5r av Naturv\u00e5rdsverket, Svenskt Friluftsliv och Sveriges Fritids- och Kulturchefsf\u00f6rening f\u00f6r att uppm\u00e4rksamma kommunernas arbete med friluftsliv.<\/p>\n<p>Fortsatt stark placering<\/p>\n<p class=\"normal\">De senaste \u00e5ren har \u00c4lmhult placerat sig h\u00f6gt i rankningen. \u00c5r 2024 kom kommunen p\u00e5 19:e plats och 2025 f\u00f6rb\u00e4ttrades resultatet till en delad sj\u00e4tteplats. \u00c5rets resultat inneb\u00e4r en n\u00e5got l\u00e4gre placering \u00e4n f\u00f6rra \u00e5ret, men \u00c4lmhults andel av totalpo\u00e4ngen \u00e4r h\u00f6gre i \u00e5r (95 procent) j\u00e4mf\u00f6rt med snittet under 2023\u20132025 (92 procent).<\/p>\n<p class=\"normal\">V\u00e4xj\u00f6 och Markaryd placerar sig i \u00e5r p\u00e5 en delad \u00e5ttonde plats och \u00e4r d\u00e4rmed de h\u00f6gst rankade kommunerna i Kronobergs l\u00e4n.<\/p>\n<p>Friluftsliv f\u00f6r alla<\/p>\n<p class=\"normal\">\u00c4lmhults kommun arbetar tillsammans med f\u00f6reningar och andra akt\u00f6rer f\u00f6r att g\u00f6ra naturen mer tillg\u00e4nglig och lockande f\u00f6r fler. Under de senaste \u00e5ren har flera satsningar genomf\u00f6rts, bland annat utveckling av vandringsleder, grillplatser och aktiviteter som g\u00f6r det enklare f\u00f6r b\u00e5de inv\u00e5nare och bes\u00f6kare att uppt\u00e4cka naturen.<\/p>\n<p class=\"normal\">I kommunen finns ett brett utbud av m\u00f6jligheter till friluftsliv, fr\u00e5n vandring och paddling till fiske och naturupplevelser. Genom Naturkartan \u00e4r det enkelt att hitta leder, utflyktsm\u00e5l och andra platser att bes\u00f6ka.<\/p>\n<p class=\"normal\">Friluftsliv \u00e4r viktigt f\u00f6r b\u00e5de folkh\u00e4lsa och livskvalitet. Vi kommer att forts\u00e4tta utveckla m\u00f6jligheterna att vistas i naturen och samarbeta med f\u00f6reningar och andra akt\u00f6rer f\u00f6r att g\u00f6ra \u00c4lmhults natur tillg\u00e4nglig f\u00f6r fler, s\u00e4ger Nicolas Hansson, kultur- och fritidschef.<\/p>\n","protected":false},"excerpt":{"rendered":"Rankningen \u201dSveriges friluftskommun\u201d genomf\u00f6rs varje \u00e5r av Naturv\u00e5rdsverket, Svenskt Friluftsliv och Sveriges Fritids- och Kulturchefsf\u00f6rening f\u00f6r att uppm\u00e4rksamma&hellip;\n","protected":false},"author":2,"featured_media":362073,"comment_status":"","ping_status":"","sticky":false,"template":"","format":"standard","meta":{"footnotes":"","_share_on_mastodon":"0"},"categories":[12],"tags":[22,23,26,27,17,21,24,25,28,29,15,16,18,34,31,33,32,30,19,20],"class_list":["post-362072","post","type-post","status-publish","format-standard","has-post-thumbnail","category-sverige","tag-breaking-news","tag-breakingnews","tag-featured-news","tag-featurednews","tag-headlines","tag-huvudnyheter","tag-latest-news","tag-latestnews","tag-main-news","tag-mainnews","tag-news","tag-nyheter","tag-rubriker","tag-se","tag-svenska","tag-sverige","tag-sweden","tag-swedish","tag-top-stories","tag-topstories"],"share_on_mastodon":{"url":"https:\/\/pubeurope.com\/@se\/117200372692864117","error":""},"_links":{"self":[{"href":"https:\/\/www.europesays.com\/se\/wp-json\/wp\/v2\/posts\/362072","targetHints":{"allow":["GET"]}}],"collection":[{"href":"https:\/\/www.europesays.com\/se\/wp-json\/wp\/v2\/posts"}],"about":[{"href":"https:\/\/www.europesays.com\/se\/wp-json\/wp\/v2\/types\/post"}],"author":[{"embeddable":true,"href":"https:\/\/www.europesays.com\/se\/wp-json\/wp\/v2\/users\/2"}],"replies":[{"embeddable":true,"href":"https:\/\/www.europesays.com\/se\/wp-json\/wp\/v2\/comments?post=362072"}],"version-history":[{"count":0,"href":"https:\/\/www.europesays.com\/se\/wp-json\/wp\/v2\/posts\/362072\/revisions"}],"wp:featuredmedia":[{"embeddable":true,"href":"https:\/\/www.europesays.com\/se\/wp-json\/wp\/v2\/media\/362073"}],"wp:attachment":[{"href":"https:\/\/www.europesays.com\/se\/wp-json\/wp\/v2\/media?parent=362072"}],"wp:term":[{"taxonomy":"category","embeddable":true,"href":"https:\/\/www.europesays.com\/se\/wp-json\/wp\/v2\/categories?post=362072"},{"taxonomy":"post_tag","embeddable":true,"href":"https:\/\/www.europesays.com\/se\/wp-json\/wp\/v2\/tags?post=362072"}],"curies":[{"name":"wp","href":"https:\/\/api.w.org\/{rel}","templated":true}]}}