{"id":362082,"date":"2026-09-02T08:02:14","date_gmt":"2026-09-02T08:02:14","guid":{"rendered":"https:\/\/www.europesays.com\/se\/362082\/"},"modified":"2026-09-02T08:02:14","modified_gmt":"2026-09-02T08:02:14","slug":"novus-tv4-gapet-mellan-blocken-26-procentenheter","status":"publish","type":"post","link":"https:\/\/www.europesays.com\/se\/362082\/","title":{"rendered":"Novus\/TV4: Gapet mellan blocken 2,6 procentenheter"},"content":{"rendered":"<p>Med elva dagar kvar till valet minskar oppositionens f\u00f6rspr\u00e5ng gentemot regeringen, enligt den senaste opinionsm\u00e4tningen fr\u00e5n Novus\/TV4.<\/p>\n<p>I Novus senaste m\u00e4tning f\u00f6r tv\u00e5 veckor sedan hade de r\u00f6d-gr\u00f6na ett f\u00f6rspr\u00e5ng p\u00e5 6,9 procentenheter.<\/p>\n<p><a href=\"https:\/\/www.tv4.se\/artikel\/5TPh9cL7pqcj232bse8TAx\/l-oekar-stort-spurtar-mot-spaerren\" rel=\"nofollow noopener\" target=\"_blank\">Nu skiljer endast 2,6 procentenheter<\/a> \u2013 och gapet ligger nu inom den statistiska felmarginalen.<\/p>\n<p>L n\u00e4rmar sig sp\u00e4rren: \u201dIn i kaklet\u201d<\/p>\n<p>Liberalerna, som l\u00e4nge haft l\u00e5ga siffror i opinionen, \u00f6kar med 1,4 procentenheter till 3,3 procent. <\/p>\n<p>Det \u00e4r partiets h\u00f6gsta siffror under Simona Mohamssons ledarskap hittills, som beh\u00f6ver n\u00e5 4 procent f\u00f6r att beh\u00e5lla sin plats i riksdagen.<\/p>\n<p>\u2013 Jag tycker vi ska se det h\u00e4r som ett bevis p\u00e5 att svenska folket vill st\u00f6tta landets enda skolparti, s\u00e4ger hon. <\/p>\n<p>\u00c5kessons (SD) gr\u00e4ns<\/p>\n<p>D\u00e4remot ser de inte ut att n\u00e5 upp till Jimmie \u00c5kessons (SD) gr\u00e4ns f\u00f6r n\u00e4r man som Tid\u00f6-v\u00e4ljare ska besluta om att st\u00f6dr\u00f6sta p\u00e5 L.<\/p>\n<p><a href=\"https:\/\/www.svt.se\/nyheter\/inrikes\/akessons-skarpa-grans-for-l-tio-dagar\" rel=\"nofollow noopener\" target=\"_blank\">F\u00f6rra veckan sa SD-ledaren<\/a> att Liberalerna beh\u00f6ver n\u00e5 3,5 procent i opinionen senast tio dagar f\u00f6re valet \u2013 vilket \u00e4r p\u00e5 torsdag. P\u00e5 fr\u00e5gor om denna deadline upprepar Simona Mohamsson att den dag som verkligen betyder n\u00e5got \u00e4r valdagen.<\/p>\n<p>\u2013 Jag har h\u00f6rt av mig till de andra Tid\u00f6ledarna under morgonen och manat till att fokusera p\u00e5 att bevara medvinden vi har \u00e4nda in i kaklet. Och det b\u00e4sta s\u00e4ttet att s\u00e4kra en fortsatt bl\u00e5gul regering \u00e4r genom att l\u00e4gga sin r\u00f6st p\u00e5 Liberalerna, s\u00e4ger hon.<\/p>\n<p>Stort tapp f\u00f6r Socialdemokraterna<\/p>\n<p>Den st\u00f6rsta f\u00f6r\u00e4ndringen g\u00e4ller f\u00f6r Socialdemokraterna. Partiet minskar med 4,3 procentenheter, j\u00e4mf\u00f6rt med Novus f\u00f6reg\u00e5ende m\u00e4tning 19 augusti, och ligger nu p\u00e5 25,8 procent.<\/p>\n<p>Senast i april f\u00f6rra \u00e5ret l\u00e5g partiet p\u00e5 n\u00e4stan 37 procent i unders\u00f6kningen fr\u00e5n Novus\/TV4.<\/p>\n<p>Socialdemokraternas och Liberalernas f\u00f6r\u00e4ndringar \u00e4r statistiskt s\u00e4kerst\u00e4llda.<\/p>\n<p>V\u00e4ljarbarometern gjordes 24\u201330 augusti<\/p>\n<p>Totalt antal intervjuer: 2\u00a0984<\/p>\n<p>V\u00e4nsterpartiet 8,4 % +1,0 \u2191<\/p>\n<p>Socialdemokraterna 25,8 % \u22124,3 \u2193<\/p>\n<p>Milj\u00f6partiet 7,8 % \u22120,1 \u2193<\/p>\n<p>Centerpartiet 8,3 % +1,2 \u2191<\/p>\n<p>Liberalerna 3,3 % +1,4 \u2191<\/p>\n<p>Kristdemokraterna 6,5 % +0,2 \u2191<\/p>\n<p>Moderaterna 17,2 % \u22121,1 \u2193<\/p>\n<p>Sverigedemokraterna 20,7 % +1,6 \u2191<\/p>\n<p>\u00d6vriga 2,0 % +0,1 \u2191<\/p>\n","protected":false},"excerpt":{"rendered":"Med elva dagar kvar till valet minskar oppositionens f\u00f6rspr\u00e5ng gentemot regeringen, enligt den senaste opinionsm\u00e4tningen fr\u00e5n Novus\/TV4. I&hellip;\n","protected":false},"author":2,"featured_media":362083,"comment_status":"","ping_status":"","sticky":false,"template":"","format":"standard","meta":{"footnotes":"","_share_on_mastodon":"0"},"categories":[12],"tags":[22,23,26,27,17,21,24,25,28,29,15,16,18,34,31,33,32,30,19,20],"class_list":["post-362082","post","type-post","status-publish","format-standard","has-post-thumbnail","category-sverige","tag-breaking-news","tag-breakingnews","tag-featured-news","tag-featurednews","tag-headlines","tag-huvudnyheter","tag-latest-news","tag-latestnews","tag-main-news","tag-mainnews","tag-news","tag-nyheter","tag-rubriker","tag-se","tag-svenska","tag-sverige","tag-sweden","tag-swedish","tag-top-stories","tag-topstories"],"share_on_mastodon":{"url":"https:\/\/pubeurope.com\/@se\/117200404238521205","error":""},"_links":{"self":[{"href":"https:\/\/www.europesays.com\/se\/wp-json\/wp\/v2\/posts\/362082","targetHints":{"allow":["GET"]}}],"collection":[{"href":"https:\/\/www.europesays.com\/se\/wp-json\/wp\/v2\/posts"}],"about":[{"href":"https:\/\/www.europesays.com\/se\/wp-json\/wp\/v2\/types\/post"}],"author":[{"embeddable":true,"href":"https:\/\/www.europesays.com\/se\/wp-json\/wp\/v2\/users\/2"}],"replies":[{"embeddable":true,"href":"https:\/\/www.europesays.com\/se\/wp-json\/wp\/v2\/comments?post=362082"}],"version-history":[{"count":0,"href":"https:\/\/www.europesays.com\/se\/wp-json\/wp\/v2\/posts\/362082\/revisions"}],"wp:featuredmedia":[{"embeddable":true,"href":"https:\/\/www.europesays.com\/se\/wp-json\/wp\/v2\/media\/362083"}],"wp:attachment":[{"href":"https:\/\/www.europesays.com\/se\/wp-json\/wp\/v2\/media?parent=362082"}],"wp:term":[{"taxonomy":"category","embeddable":true,"href":"https:\/\/www.europesays.com\/se\/wp-json\/wp\/v2\/categories?post=362082"},{"taxonomy":"post_tag","embeddable":true,"href":"https:\/\/www.europesays.com\/se\/wp-json\/wp\/v2\/tags?post=362082"}],"curies":[{"name":"wp","href":"https:\/\/api.w.org\/{rel}","templated":true}]}}