{"id":362092,"date":"2026-09-02T08:10:13","date_gmt":"2026-09-02T08:10:13","guid":{"rendered":"https:\/\/www.europesays.com\/se\/362092\/"},"modified":"2026-09-02T08:10:13","modified_gmt":"2026-09-02T08:10:13","slug":"2-595-000-kronor-blev-priset-for-kedjehus-i-osthammar","status":"publish","type":"post","link":"https:\/\/www.europesays.com\/se\/362092\/","title":{"rendered":"2\u00a0595\u00a0000 kronor blev priset f\u00f6r kedjehus i \u00d6sthammar"},"content":{"rendered":"<p> \u00c4garbytet blev klart i augusti 2026 och k\u00f6pesumman blev 2\u00a0595\u00a0000 kronor. Kedjehusets bygg\u00e5r \u00e4r 1974 och det har en boyta p\u00e5 163 kvadratmeter.<\/p>\n<p>F\u00f6r mindre \u00e4n en m\u00e5nad sedan s\u00e5ldes ett annat hus bara n\u00e5gra hundra meter bort, p\u00e5 Kraggatan 7. D\u00e4r s\u00e5ldes ett 140 kvadratmeter stort hus och priset f\u00f6r det blev 1\u00a0650\u00a0000 kronor.<\/p>\n<p>Fastigheten har s\u00e5lts tre g\u00e5nger tidigare p\u00e5 18 \u00e5r. F\u00f6rsta g\u00e5ngen huset s\u00e5ldes var november 2020. D\u00e5 var priset 2\u00a0050\u00a0000 kronor, vilket inneb\u00e4r att v\u00e4rdet \u00f6kat med 27 procent.<\/p>\n","protected":false},"excerpt":{"rendered":"\u00c4garbytet blev klart i augusti 2026 och k\u00f6pesumman blev 2\u00a0595\u00a0000 kronor. Kedjehusets bygg\u00e5r \u00e4r 1974 och det har&hellip;\n","protected":false},"author":2,"featured_media":362093,"comment_status":"","ping_status":"","sticky":false,"template":"","format":"standard","meta":{"footnotes":"","_share_on_mastodon":"0"},"categories":[12],"tags":[22,23,26,27,17,21,24,25,28,29,15,16,18,34,31,33,32,30,19,20],"class_list":["post-362092","post","type-post","status-publish","format-standard","has-post-thumbnail","category-sverige","tag-breaking-news","tag-breakingnews","tag-featured-news","tag-featurednews","tag-headlines","tag-huvudnyheter","tag-latest-news","tag-latestnews","tag-main-news","tag-mainnews","tag-news","tag-nyheter","tag-rubriker","tag-se","tag-svenska","tag-sverige","tag-sweden","tag-swedish","tag-top-stories","tag-topstories"],"share_on_mastodon":{"url":"https:\/\/pubeurope.com\/@se\/117200435439117794","error":""},"_links":{"self":[{"href":"https:\/\/www.europesays.com\/se\/wp-json\/wp\/v2\/posts\/362092","targetHints":{"allow":["GET"]}}],"collection":[{"href":"https:\/\/www.europesays.com\/se\/wp-json\/wp\/v2\/posts"}],"about":[{"href":"https:\/\/www.europesays.com\/se\/wp-json\/wp\/v2\/types\/post"}],"author":[{"embeddable":true,"href":"https:\/\/www.europesays.com\/se\/wp-json\/wp\/v2\/users\/2"}],"replies":[{"embeddable":true,"href":"https:\/\/www.europesays.com\/se\/wp-json\/wp\/v2\/comments?post=362092"}],"version-history":[{"count":0,"href":"https:\/\/www.europesays.com\/se\/wp-json\/wp\/v2\/posts\/362092\/revisions"}],"wp:featuredmedia":[{"embeddable":true,"href":"https:\/\/www.europesays.com\/se\/wp-json\/wp\/v2\/media\/362093"}],"wp:attachment":[{"href":"https:\/\/www.europesays.com\/se\/wp-json\/wp\/v2\/media?parent=362092"}],"wp:term":[{"taxonomy":"category","embeddable":true,"href":"https:\/\/www.europesays.com\/se\/wp-json\/wp\/v2\/categories?post=362092"},{"taxonomy":"post_tag","embeddable":true,"href":"https:\/\/www.europesays.com\/se\/wp-json\/wp\/v2\/tags?post=362092"}],"curies":[{"name":"wp","href":"https:\/\/api.w.org\/{rel}","templated":true}]}}