{"id":362104,"date":"2026-09-02T08:18:18","date_gmt":"2026-09-02T08:18:18","guid":{"rendered":"https:\/\/www.europesays.com\/se\/362104\/"},"modified":"2026-09-02T08:18:18","modified_gmt":"2026-09-02T08:18:18","slug":"politikreportern-om-ls-okning-kan-se-sparren-ovanfor-vattenytan-senaste-nytt-om-valet-2026-svt-nyheter","status":"publish","type":"post","link":"https:\/\/www.europesays.com\/se\/362104\/","title":{"rendered":"Politikreportern om L:s \u00f6kning: \u201dKan se sp\u00e4rren ovanf\u00f6r vattenytan\u201d \u2013 Senaste nytt om valet 2026 &#8211; SVT Nyheter"},"content":{"rendered":"<ol>\n<li><a href=\"https:\/\/news.google.com\/rss\/articles\/CBMioAFBVV95cUxONDRKaGRpQkpfZWVETHl6YzlGa3NsamplN2E3OW5LU2x3ZTNVSjM1RHhqckxHV1RYRV9JSEgzRHVKZS1qa0oyR1oyVlJHS1FLbUxJQkk2RVFsRnc0STFzbWFRNFJ3UGxtbklVUDBhMlNJaW40aXdQSE5lWnU3S2ZHN09mYnpMQlhGVk0ybzF5aC1jRkhuclpQYVFwNkJyRjlL?oc=5\" target=\"_blank\" rel=\"nofollow noopener\">Politikreportern om L:s \u00f6kning: \u201dKan se sp\u00e4rren ovanf\u00f6r vattenytan\u201d \u2013 Senaste nytt om valet 2026<\/a>&nbsp;&nbsp;SVT Nyheter<\/li>\n<li><a href=\"https:\/\/news.google.com\/rss\/articles\/CBMie0FVX3lxTE9OLTRmNjZxZjV3Z2ViZG1xeWpXRVhEUVZqQVNYQUlZQUxRVjFuV1BoN0I4Q004cThXU1FQRWJNTERZdU1sTXB5Mk9GOXVRMEdyWEpxRDVzRlZZY2hQWU15UXlGaEV2ZnVLMEozTTNneVRiWU0xcXJLVWpGUQ?oc=5\" target=\"_blank\" rel=\"nofollow noopener\">Direktrapport | Senaste nytt om svenska valet<\/a>&nbsp;&nbsp;Sveriges Radio<\/li>\n<li><a href=\"https:\/\/news.google.com\/rss\/articles\/CBMipAFBVV95cUxNVVdJWS1kbnRjR1FoVThMY0Z1SWNKNjZhamY5bnZGQXIza2dqbE82RlJkN3hRQ2dHOUNpVlJnTXoxSmVYOW5JQ1BuM2paQXY0Q3dySnFkc282amVYbGdWTlBCS2ZDQ2lKa0FlelE4LUZaYk00V1JGN2w0cm1UQ2NWc0xsazdDTTdLYVVBUUVqaG9selJabzloRTAxMzgzcVBTV0VVWg?oc=5\" target=\"_blank\" rel=\"nofollow noopener\">LCDC AB \u2013 nytt f\u00f6retag startar i Norrt\u00e4lje<\/a>&nbsp;&nbsp;unt.se<\/li>\n<li><a href=\"https:\/\/news.google.com\/rss\/articles\/CBMid0FVX3lxTFBJRFRzYTJpRFJvOUtiYThyUW5vcFVaWG44VTlKR3AzOWI4elhoX04zc25YVVNxRmN4X0R6bWZCS0VTMkkwR2U5VDdQeTk3QU96SVUtUERGZno0X2NvOGNFZkRROWxBck1EN215bGhvdE5yNUtQRks0?oc=5\" target=\"_blank\" rel=\"nofollow noopener\">INS\u00c4NDARE: Hur t\u00e4nker du inf\u00f6r valet 2026?<\/a>&nbsp;&nbsp;VLT<\/li>\n<li><a href=\"https:\/\/news.google.com\/rss\/articles\/CBMihAFBVV95cUxNVzkxa1cxeDNsOXRzbUtjbmJhdUs4Z0xVb01QdUstUnNfb25zSjNOQWZBYWxiTkJoa3NDMnJESXdaTlV1XzRHLUtLTGNhaml4cW1jdlJFajJpX0plQkFqVHZKUEltb2JMYTRTZlpTTGhEa196ZlFkakJ6MTdyWDJYTWhWNFo?oc=5\" target=\"_blank\" rel=\"nofollow noopener\">Valet 2026 i J\u00f6nk\u00f6pings l\u00e4n<\/a>&nbsp;&nbsp;SVT Nyheter<\/li>\n<\/ol>\n","protected":false},"excerpt":{"rendered":"Politikreportern om L:s \u00f6kning: \u201dKan se sp\u00e4rren ovanf\u00f6r vattenytan\u201d \u2013 Senaste nytt om valet 2026&nbsp;&nbsp;SVT Nyheter Direktrapport |&hellip;\n","protected":false},"author":2,"featured_media":362105,"comment_status":"","ping_status":"","sticky":false,"template":"","format":"standard","meta":{"footnotes":"","_share_on_mastodon":"0"},"categories":[12],"tags":[22,23,26,27,17,21,24,25,28,29,15,16,18,34,31,33,32,30,19,20],"class_list":["post-362104","post","type-post","status-publish","format-standard","has-post-thumbnail","category-sverige","tag-breaking-news","tag-breakingnews","tag-featured-news","tag-featurednews","tag-headlines","tag-huvudnyheter","tag-latest-news","tag-latestnews","tag-main-news","tag-mainnews","tag-news","tag-nyheter","tag-rubriker","tag-se","tag-svenska","tag-sverige","tag-sweden","tag-swedish","tag-top-stories","tag-topstories"],"share_on_mastodon":{"url":"https:\/\/pubeurope.com\/@se\/117200467329811143","error":""},"_links":{"self":[{"href":"https:\/\/www.europesays.com\/se\/wp-json\/wp\/v2\/posts\/362104","targetHints":{"allow":["GET"]}}],"collection":[{"href":"https:\/\/www.europesays.com\/se\/wp-json\/wp\/v2\/posts"}],"about":[{"href":"https:\/\/www.europesays.com\/se\/wp-json\/wp\/v2\/types\/post"}],"author":[{"embeddable":true,"href":"https:\/\/www.europesays.com\/se\/wp-json\/wp\/v2\/users\/2"}],"replies":[{"embeddable":true,"href":"https:\/\/www.europesays.com\/se\/wp-json\/wp\/v2\/comments?post=362104"}],"version-history":[{"count":0,"href":"https:\/\/www.europesays.com\/se\/wp-json\/wp\/v2\/posts\/362104\/revisions"}],"wp:featuredmedia":[{"embeddable":true,"href":"https:\/\/www.europesays.com\/se\/wp-json\/wp\/v2\/media\/362105"}],"wp:attachment":[{"href":"https:\/\/www.europesays.com\/se\/wp-json\/wp\/v2\/media?parent=362104"}],"wp:term":[{"taxonomy":"category","embeddable":true,"href":"https:\/\/www.europesays.com\/se\/wp-json\/wp\/v2\/categories?post=362104"},{"taxonomy":"post_tag","embeddable":true,"href":"https:\/\/www.europesays.com\/se\/wp-json\/wp\/v2\/tags?post=362104"}],"curies":[{"name":"wp","href":"https:\/\/api.w.org\/{rel}","templated":true}]}}