{"id":362116,"date":"2026-09-02T08:26:18","date_gmt":"2026-09-02T08:26:18","guid":{"rendered":"https:\/\/www.europesays.com\/se\/362116\/"},"modified":"2026-09-02T08:26:18","modified_gmt":"2026-09-02T08:26:18","slug":"partiernas-ungdomar-valspurtade-pa-karlberg-provinstidningen-dalsland","status":"publish","type":"post","link":"https:\/\/www.europesays.com\/se\/362116\/","title":{"rendered":"Partiernas ungdomar valspurtade p\u00e5 Karlberg &#8211; Provinstidningen Dalsland"},"content":{"rendered":"<ol>\n<li><a href=\"https:\/\/news.google.com\/rss\/articles\/CBMiiAFBVV95cUxOUnBKaGxFN1RkMnIweEw0MW5KY1R6SVItbFdYN1l6TURzOTRPMUxtQ1NmM0FWaFprN1lvcjJlLUR4cDNZazJVSVVwdjZZcDRBeW0xWnZvOVAxWm1aaF9VaGdQT2FOaWFKZ0R1YXN2LUw5OGozUVNubGExNTRpalFINjY4ZC0xX0JK?oc=5\" target=\"_blank\" rel=\"nofollow noopener\">Partiernas ungdomar valspurtade p\u00e5 Karlberg<\/a>&nbsp;&nbsp;Provinstidningen Dalsland<\/li>\n<li><a href=\"https:\/\/news.google.com\/rss\/articles\/CBMijgFBVV95cUxQb1hGcTB0RTBLTjRmd3Qya0hIY0FNUU5sLTFIX2lUMkxNT2Y5S3NWMmxOOEdiRW9YMkxZUXoyTkJIU0d1bzZxbVNqTDRqYVliZHlURFFKaW9tNzk0R3BDaC0wUy1BeVhQRjhMcDg0OW5pR0lPSllraTdGLVlsWGJWYk9YYWxrcHNxdWRBY1dn?oc=5\" target=\"_blank\" rel=\"nofollow noopener\">Trygghet i fokus n\u00e4r elever f\u00e5r r\u00f6sta: \u201dVill k\u00e4nna sig trygg\u201d<\/a>&nbsp;&nbsp;Sveriges Radio<\/li>\n<li><a href=\"https:\/\/news.google.com\/rss\/articles\/CBMingFBVV95cUxOMkdpNE9zTnltYnhsbS1jRDFHejlGeTMzS3B4a290OEFkb0JYWjlYZGtyLWlsNDRwSkhfTnhodktoRno3VENUUXhhYWY2WWltRmItc1BlemFSc2tMNWE1VjVtbUVXQWhJcFdyWllHMFltOEVIbGxGRFdyckxyOHRlZFgtNk5wRExVOGFucEU4QkN0X1d2NmlzWmxjUjJ1QQ?oc=5\" target=\"_blank\" rel=\"nofollow noopener\">Demokrati i fokus f\u00f6r Norrk\u00f6pings gymnasieelever<\/a>&nbsp;&nbsp;Norrk\u00f6pings kommun<\/li>\n<li><a href=\"https:\/\/news.google.com\/rss\/articles\/CBMilgFBVV95cUxQQno2TTFqc0pBbGdvWEk2VFRuWElXZEdKYUFPWjdraVpJYWpNa010UGpaZXVXNEZibjZFUFhVRjAwV2RYeUFJNlRETVNoUWZEZl9EVzAxUWItNS13X0xHb0VjckhPbTZ5d0QwM1pGNWZvTHpzNHZfVi1fR3ZCa1JVVGoySTc4V09iSFA1eU8xcl9SV0NoSlE?oc=5\" target=\"_blank\" rel=\"nofollow noopener\">Vassa utspel n\u00e4r Ungdomsf\u00f6rbunden debatterade p\u00e5 Vadsbo<\/a>&nbsp;&nbsp;Mariestads-Tidningen<\/li>\n<li><a href=\"https:\/\/news.google.com\/rss\/articles\/CBMijAFBVV95cUxNTDU0T29sMDJNdE5NOHJ0akFYdm96Vk9fb1J4Zk5oV3RhNkdkM3BkYXJNTTktdTBKNE1KZnpEdUVPSXppVXlkXzRYSWY3N1JLSS1nTkMzLUdfNlZRWVR1RFRhWGgtUHh0Vnhja0hUbHdyUy1ISExqNm84Q3lGTndkQWFadU9aV2tZeVF5dQ?oc=5\" target=\"_blank\" rel=\"nofollow noopener\">Skolvalet 2026: 12 000 elever r\u00f6star i Kronoberg<\/a>&nbsp;&nbsp;Sveriges Radio<\/li>\n<\/ol>\n","protected":false},"excerpt":{"rendered":"Partiernas ungdomar valspurtade p\u00e5 Karlberg&nbsp;&nbsp;Provinstidningen Dalsland Trygghet i fokus n\u00e4r elever f\u00e5r r\u00f6sta: \u201dVill k\u00e4nna sig trygg\u201d&nbsp;&nbsp;Sveriges Radio&hellip;\n","protected":false},"author":2,"featured_media":362117,"comment_status":"","ping_status":"","sticky":false,"template":"","format":"standard","meta":{"footnotes":"","_share_on_mastodon":"0"},"categories":[12],"tags":[22,23,26,27,17,21,24,25,28,29,15,16,18,34,31,33,32,30,19,20],"class_list":["post-362116","post","type-post","status-publish","format-standard","has-post-thumbnail","category-sverige","tag-breaking-news","tag-breakingnews","tag-featured-news","tag-featurednews","tag-headlines","tag-huvudnyheter","tag-latest-news","tag-latestnews","tag-main-news","tag-mainnews","tag-news","tag-nyheter","tag-rubriker","tag-se","tag-svenska","tag-sverige","tag-sweden","tag-swedish","tag-top-stories","tag-topstories"],"share_on_mastodon":{"url":"https:\/\/pubeurope.com\/@se\/117200498658726115","error":""},"_links":{"self":[{"href":"https:\/\/www.europesays.com\/se\/wp-json\/wp\/v2\/posts\/362116","targetHints":{"allow":["GET"]}}],"collection":[{"href":"https:\/\/www.europesays.com\/se\/wp-json\/wp\/v2\/posts"}],"about":[{"href":"https:\/\/www.europesays.com\/se\/wp-json\/wp\/v2\/types\/post"}],"author":[{"embeddable":true,"href":"https:\/\/www.europesays.com\/se\/wp-json\/wp\/v2\/users\/2"}],"replies":[{"embeddable":true,"href":"https:\/\/www.europesays.com\/se\/wp-json\/wp\/v2\/comments?post=362116"}],"version-history":[{"count":0,"href":"https:\/\/www.europesays.com\/se\/wp-json\/wp\/v2\/posts\/362116\/revisions"}],"wp:featuredmedia":[{"embeddable":true,"href":"https:\/\/www.europesays.com\/se\/wp-json\/wp\/v2\/media\/362117"}],"wp:attachment":[{"href":"https:\/\/www.europesays.com\/se\/wp-json\/wp\/v2\/media?parent=362116"}],"wp:term":[{"taxonomy":"category","embeddable":true,"href":"https:\/\/www.europesays.com\/se\/wp-json\/wp\/v2\/categories?post=362116"},{"taxonomy":"post_tag","embeddable":true,"href":"https:\/\/www.europesays.com\/se\/wp-json\/wp\/v2\/tags?post=362116"}],"curies":[{"name":"wp","href":"https:\/\/api.w.org\/{rel}","templated":true}]}}