{"id":362128,"date":"2026-09-02T08:34:15","date_gmt":"2026-09-02T08:34:15","guid":{"rendered":"https:\/\/www.europesays.com\/se\/362128\/"},"modified":"2026-09-02T08:34:15","modified_gmt":"2026-09-02T08:34:15","slug":"tva-man-begars-haktade-for-dodsmisshandeln-i-karlstad","status":"publish","type":"post","link":"https:\/\/www.europesays.com\/se\/362128\/","title":{"rendered":"Tv\u00e5 m\u00e4n beg\u00e4rs h\u00e4ktade f\u00f6r d\u00f6dsmisshandeln i Karlstad"},"content":{"rendered":"<p>\u00c5klagaren beg\u00e4r att m\u00e4nnen ska h\u00e4ktas f\u00f6r dr\u00e5p i f\u00f6rsta hand, alternativt grov misshandel och v\u00e5llande till annans d\u00f6d.<\/p>\n<p>De b\u00e5da m\u00e4nnen \u00e4r hemmah\u00f6rande i V\u00e4stra G\u00f6talands l\u00e4n. <\/p>\n<p>Tidigare d\u00f6md f\u00f6r misshandel<\/p>\n<p>Den ena misst\u00e4nkte mannen, en 20-\u00e5ring, d\u00f6mdes i fjol till villkorlig dom med samh\u00e4llstj\u00e4nst f\u00f6r en misshandel. Han och tv\u00e5 andra unga m\u00e4n d\u00f6mdes f\u00f6r misshandel respektive grov misshandel efter att ha utdelat sparkar och slag mot en man som l\u00e5g p\u00e5 marken. De tv\u00e5 andra m\u00e4nnen d\u00f6mdes f\u00f6r grov misshandel till f\u00e4ngelse.<\/p>\n<p>Den andra misst\u00e4nkte mannen, en 19-\u00e5ring, har tidigare d\u00f6mts f\u00f6r olovlig k\u00f6rning.<\/p>\n<p>H\u00e4ktningsf\u00f6rhandling h\u00e5lls under dagen.<\/p>\n<p>Greps under s\u00f6ndagen<\/p>\n<p>Det var under natten till s\u00f6ndag som polisen larmades till en adress i centrala Karlstad efter att det uppst\u00e5tt tumult utanf\u00f6r en restaurang. Tv\u00e5 m\u00e4n i 20-\u00e5rs\u00e5ldern greps, initialt misst\u00e4nkta f\u00f6r grov misshandel av en man i 50-\u00e5rs\u00e5ldern. <\/p>\n<p>Mannen avled senare av sina skador. <\/p>\n","protected":false},"excerpt":{"rendered":"\u00c5klagaren beg\u00e4r att m\u00e4nnen ska h\u00e4ktas f\u00f6r dr\u00e5p i f\u00f6rsta hand, alternativt grov misshandel och v\u00e5llande till annans&hellip;\n","protected":false},"author":2,"featured_media":362129,"comment_status":"","ping_status":"","sticky":false,"template":"","format":"standard","meta":{"footnotes":"","_share_on_mastodon":"0"},"categories":[12],"tags":[22,23,26,27,17,21,24,25,28,29,15,16,18,34,31,33,32,30,19,20],"class_list":["post-362128","post","type-post","status-publish","format-standard","has-post-thumbnail","category-sverige","tag-breaking-news","tag-breakingnews","tag-featured-news","tag-featurednews","tag-headlines","tag-huvudnyheter","tag-latest-news","tag-latestnews","tag-main-news","tag-mainnews","tag-news","tag-nyheter","tag-rubriker","tag-se","tag-svenska","tag-sverige","tag-sweden","tag-swedish","tag-top-stories","tag-topstories"],"share_on_mastodon":{"url":"https:\/\/pubeurope.com\/@se\/117200530120822510","error":""},"_links":{"self":[{"href":"https:\/\/www.europesays.com\/se\/wp-json\/wp\/v2\/posts\/362128","targetHints":{"allow":["GET"]}}],"collection":[{"href":"https:\/\/www.europesays.com\/se\/wp-json\/wp\/v2\/posts"}],"about":[{"href":"https:\/\/www.europesays.com\/se\/wp-json\/wp\/v2\/types\/post"}],"author":[{"embeddable":true,"href":"https:\/\/www.europesays.com\/se\/wp-json\/wp\/v2\/users\/2"}],"replies":[{"embeddable":true,"href":"https:\/\/www.europesays.com\/se\/wp-json\/wp\/v2\/comments?post=362128"}],"version-history":[{"count":0,"href":"https:\/\/www.europesays.com\/se\/wp-json\/wp\/v2\/posts\/362128\/revisions"}],"wp:featuredmedia":[{"embeddable":true,"href":"https:\/\/www.europesays.com\/se\/wp-json\/wp\/v2\/media\/362129"}],"wp:attachment":[{"href":"https:\/\/www.europesays.com\/se\/wp-json\/wp\/v2\/media?parent=362128"}],"wp:term":[{"taxonomy":"category","embeddable":true,"href":"https:\/\/www.europesays.com\/se\/wp-json\/wp\/v2\/categories?post=362128"},{"taxonomy":"post_tag","embeddable":true,"href":"https:\/\/www.europesays.com\/se\/wp-json\/wp\/v2\/tags?post=362128"}],"curies":[{"name":"wp","href":"https:\/\/api.w.org\/{rel}","templated":true}]}}