{"id":362154,"date":"2026-09-02T08:50:31","date_gmt":"2026-09-02T08:50:31","guid":{"rendered":"https:\/\/www.europesays.com\/se\/362154\/"},"modified":"2026-09-02T08:50:31","modified_gmt":"2026-09-02T08:50:31","slug":"2-september-07-46-sammanfattning-natt-jonkopings-lan","status":"publish","type":"post","link":"https:\/\/www.europesays.com\/se\/362154\/","title":{"rendered":"2 september 07.46, Sammanfattning natt, J\u00f6nk\u00f6pings l\u00e4n"},"content":{"rendered":"<p>Polisen har under natten mellan 22:00 och 07:00 hanterat ett 45-tal \u00e4renden i J\u00f6nk\u00f6pings l\u00e4n<br \/>Inga st\u00f6rre h\u00e4ndelser eller brott har kommit till polisens k\u00e4nnedom.\u00a0<\/p>\n<p>Fem viltolyckor har rapporterats in, fyra med r\u00e5djur och en med vildsvin.\u00a0<br \/>En r\u00e4v, som i flera dagar uppeh\u00e5llet sig i Norra Hammar, rapporteras ha bitit ett r\u00e5djur i benet. R\u00e5djuret l\u00e5g d\u00e4refter stilla en stund innan det skuttade iv\u00e4g enligt inringaren. Hur det gick med f\u00f6r\u00f6varen \u00e4r i nul\u00e4get ok\u00e4nt.<\/p>\n","protected":false},"excerpt":{"rendered":"Polisen har under natten mellan 22:00 och 07:00 hanterat ett 45-tal \u00e4renden i J\u00f6nk\u00f6pings l\u00e4nInga st\u00f6rre h\u00e4ndelser eller&hellip;\n","protected":false},"author":2,"featured_media":362155,"comment_status":"","ping_status":"","sticky":false,"template":"","format":"standard","meta":{"footnotes":"","_share_on_mastodon":"0"},"categories":[12],"tags":[22,23,26,27,17,21,24,25,28,29,15,16,18,34,31,33,32,30,19,20],"class_list":["post-362154","post","type-post","status-publish","format-standard","has-post-thumbnail","category-sverige","tag-breaking-news","tag-breakingnews","tag-featured-news","tag-featurednews","tag-headlines","tag-huvudnyheter","tag-latest-news","tag-latestnews","tag-main-news","tag-mainnews","tag-news","tag-nyheter","tag-rubriker","tag-se","tag-svenska","tag-sverige","tag-sweden","tag-swedish","tag-top-stories","tag-topstories"],"share_on_mastodon":{"url":"https:\/\/pubeurope.com\/@se\/117200592766405454","error":""},"_links":{"self":[{"href":"https:\/\/www.europesays.com\/se\/wp-json\/wp\/v2\/posts\/362154","targetHints":{"allow":["GET"]}}],"collection":[{"href":"https:\/\/www.europesays.com\/se\/wp-json\/wp\/v2\/posts"}],"about":[{"href":"https:\/\/www.europesays.com\/se\/wp-json\/wp\/v2\/types\/post"}],"author":[{"embeddable":true,"href":"https:\/\/www.europesays.com\/se\/wp-json\/wp\/v2\/users\/2"}],"replies":[{"embeddable":true,"href":"https:\/\/www.europesays.com\/se\/wp-json\/wp\/v2\/comments?post=362154"}],"version-history":[{"count":0,"href":"https:\/\/www.europesays.com\/se\/wp-json\/wp\/v2\/posts\/362154\/revisions"}],"wp:featuredmedia":[{"embeddable":true,"href":"https:\/\/www.europesays.com\/se\/wp-json\/wp\/v2\/media\/362155"}],"wp:attachment":[{"href":"https:\/\/www.europesays.com\/se\/wp-json\/wp\/v2\/media?parent=362154"}],"wp:term":[{"taxonomy":"category","embeddable":true,"href":"https:\/\/www.europesays.com\/se\/wp-json\/wp\/v2\/categories?post=362154"},{"taxonomy":"post_tag","embeddable":true,"href":"https:\/\/www.europesays.com\/se\/wp-json\/wp\/v2\/tags?post=362154"}],"curies":[{"name":"wp","href":"https:\/\/api.w.org\/{rel}","templated":true}]}}