{"id":362164,"date":"2026-09-02T08:58:29","date_gmt":"2026-09-02T08:58:29","guid":{"rendered":"https:\/\/www.europesays.com\/se\/362164\/"},"modified":"2026-09-02T08:58:29","modified_gmt":"2026-09-02T08:58:29","slug":"johan-rudstrom-varfor-i-hela-varlden-skulle-uppsala-bli-en-storstad","status":"publish","type":"post","link":"https:\/\/www.europesays.com\/se\/362164\/","title":{"rendered":"JOHAN RUDSTR\u00d6M: Varf\u00f6r i hela v\u00e4rlden skulle Uppsala bli en storstad?"},"content":{"rendered":"<p>I f\u00f6rra veckan togs det f\u00f6rsta spadtaget f\u00f6r bygget av 13 radhus p\u00e5 Bernadottestigen i Vals\u00e4tra (UNT 31\/8). Hittills har fyra s\u00e5lts. Inte konstigt om det g\u00e5r lite tr\u00f6gt d\u00e5 det r\u00f6r sig om bostadsr\u00e4tter till ett pris som n\u00e4stan matchar de st\u00f6rre frik\u00f6pta villorna i n\u00e4romr\u00e5det. Den blivande f\u00f6reningen kommer att ha ett m\u00e5ngmiljonl\u00e5n och oron f\u00f6r r\u00e4nteh\u00f6jningar finns kvar med relativt f\u00e4rska inflations\u00e4rr i svensk ekonomi.<\/p>\n<p>H\u00e4ndelsen hade passerat obem\u00e4rkt om inte just dessa radhus var de f\u00f6rsta som byggdes inom ramen f\u00f6r fyrsp\u00e5rsavtalet mellan Uppsala kommun och staten. Det undertecknades 2017 och innebar att kommunen \u00e5tog sig att bygga ut kollektivtrafiken f\u00f6r att f\u00e5 de tv\u00e5 nya j\u00e4rnv\u00e4gssp\u00e5ren, samt ett visst antal bost\u00e4der. Efter Vals\u00e4traradhusen \u00e5terst\u00e5r 32\u00a0987 stycken.<\/p>\n","protected":false},"excerpt":{"rendered":"I f\u00f6rra veckan togs det f\u00f6rsta spadtaget f\u00f6r bygget av 13 radhus p\u00e5 Bernadottestigen i Vals\u00e4tra (UNT 31\/8).&hellip;\n","protected":false},"author":2,"featured_media":362165,"comment_status":"","ping_status":"","sticky":false,"template":"","format":"standard","meta":{"footnotes":"","_share_on_mastodon":"0"},"categories":[12],"tags":[22,23,26,27,17,21,24,25,28,29,15,16,18,34,31,33,32,30,19,20],"class_list":["post-362164","post","type-post","status-publish","format-standard","has-post-thumbnail","category-sverige","tag-breaking-news","tag-breakingnews","tag-featured-news","tag-featurednews","tag-headlines","tag-huvudnyheter","tag-latest-news","tag-latestnews","tag-main-news","tag-mainnews","tag-news","tag-nyheter","tag-rubriker","tag-se","tag-svenska","tag-sverige","tag-sweden","tag-swedish","tag-top-stories","tag-topstories"],"share_on_mastodon":{"url":"https:\/\/pubeurope.com\/@se\/117200624272046091","error":""},"_links":{"self":[{"href":"https:\/\/www.europesays.com\/se\/wp-json\/wp\/v2\/posts\/362164","targetHints":{"allow":["GET"]}}],"collection":[{"href":"https:\/\/www.europesays.com\/se\/wp-json\/wp\/v2\/posts"}],"about":[{"href":"https:\/\/www.europesays.com\/se\/wp-json\/wp\/v2\/types\/post"}],"author":[{"embeddable":true,"href":"https:\/\/www.europesays.com\/se\/wp-json\/wp\/v2\/users\/2"}],"replies":[{"embeddable":true,"href":"https:\/\/www.europesays.com\/se\/wp-json\/wp\/v2\/comments?post=362164"}],"version-history":[{"count":0,"href":"https:\/\/www.europesays.com\/se\/wp-json\/wp\/v2\/posts\/362164\/revisions"}],"wp:featuredmedia":[{"embeddable":true,"href":"https:\/\/www.europesays.com\/se\/wp-json\/wp\/v2\/media\/362165"}],"wp:attachment":[{"href":"https:\/\/www.europesays.com\/se\/wp-json\/wp\/v2\/media?parent=362164"}],"wp:term":[{"taxonomy":"category","embeddable":true,"href":"https:\/\/www.europesays.com\/se\/wp-json\/wp\/v2\/categories?post=362164"},{"taxonomy":"post_tag","embeddable":true,"href":"https:\/\/www.europesays.com\/se\/wp-json\/wp\/v2\/tags?post=362164"}],"curies":[{"name":"wp","href":"https:\/\/api.w.org\/{rel}","templated":true}]}}