{"id":362174,"date":"2026-09-02T09:08:12","date_gmt":"2026-09-02T09:08:12","guid":{"rendered":"https:\/\/www.europesays.com\/se\/362174\/"},"modified":"2026-09-02T09:08:12","modified_gmt":"2026-09-02T09:08:12","slug":"insandare-dags-att-rosta-for-ett-vardigt-arbetsliv-dar-kroppen-haller-katrineholms-kuriren","status":"publish","type":"post","link":"https:\/\/www.europesays.com\/se\/362174\/","title":{"rendered":"INS\u00c4NDARE: Dags att r\u00f6sta f\u00f6r ett v\u00e4rdigt arbetsliv \u2013 d\u00e4r kroppen h\u00e5ller &#8211; Katrineholms-Kuriren"},"content":{"rendered":"<ol>\n<li><a href=\"https:\/\/news.google.com\/rss\/articles\/CBMisAFBVV95cUxQM28tT3NWcldsamw2bFdJb2V2VHNObHFXc01pLUtoMmhYS1ItLXJ5eThndFdIRHBxV095Q0tpTVhEWUNRem15TjlacHNyNUNtNUh4OVlDSlJibEV3T0VnRjZoVWlGQ1gwVVUxZDlYM0FKRHFVakw5Vk9vQUM4Y2JwMV8wMTdweW95MXFDUW1kY3NhSWlkY01CSzlCWlFoWjZCSDVvRlhJejhMZFlvbVhicg?oc=5\" target=\"_blank\" rel=\"nofollow noopener\">INS\u00c4NDARE: Dags att r\u00f6sta f\u00f6r ett v\u00e4rdigt arbetsliv \u2013 d\u00e4r kroppen h\u00e5ller<\/a>&nbsp;&nbsp;Katrineholms-Kuriren<\/li>\n<li><a href=\"https:\/\/news.google.com\/rss\/articles\/CBMinwFBVV95cUxPSVZOakh3UWF3b1JEZzJXLUtScmd3TENIcFNSQ09IeXdHUTRFT0YzbVlxeFZUWlBKME5uRHJ3TmNMMVBESTREUi11M1U4YnFjNnYwMGhNdGVLV0lzUXJHRGNIWVgxWTZQRnlHeWp2c2IwNDJpR1QyNHQwUm14QUZlZExEbnRaeGxTcGplUkcwNDR5TG1uclhvQlBIcTFnaGs?oc=5\" target=\"_blank\" rel=\"nofollow noopener\">Tre omr\u00e5den som m\u00e5ste st\u00e5 h\u00f6gst p\u00e5 v\u00e5rdagendan<\/a>&nbsp;&nbsp;SKR<\/li>\n<li><a href=\"https:\/\/news.google.com\/rss\/articles\/CBMibEFVX3lxTE5LMnhvRUswQUlTUW5BR21IVm1Rc3ZEYkpBS1AxZGpxYktpNDJjTXF1YXN3NXhRV1k4TzM5dUtIVHJLZy1DdV9IVmRrR0ZqQXdTRF8wM2FwbzN5dW5hbzVxLXFmdjFWcndkMGFXUA?oc=5\" target=\"_blank\" rel=\"nofollow noopener\">N\u00e4r resurserna inte r\u00e4cker drabbas b\u00e5de medarbetare och inv\u00e5nare<\/a>&nbsp;&nbsp;Fackf\u00f6rbundet Vision<\/li>\n<li><a href=\"https:\/\/news.google.com\/rss\/articles\/CBMidkFVX3lxTE84eVpnajM1VnFPT1R6ZVhiNDZCVUR2ZzduZHF1OGdGNk1oSUtpeGdUYkZZTWpuNlB2RW9URW0wTFV6ajFpV1VKUEotazJJRTN0bVozLTJsZDJpRloxUUJEV2pMRUFmS1hCRHcwQXBqeG15MUhvNUE?oc=5\" target=\"_blank\" rel=\"nofollow noopener\">INS\u00c4NDARE: Din r\u00f6st beh\u00f6vs \u2013 p\u00e5 alla niv\u00e5er<\/a>&nbsp;&nbsp;Hudiksvalls Tidning<\/li>\n<li><a href=\"https:\/\/news.google.com\/rss\/articles\/CBMidEFVX3lxTE1fU3RCSGtNZTFuNFF4ei1vd3dlUkNlQ1RGS1Z4Xzc2VlZzcGR0NGdHOUxIYktvRVhzblRBalJhdklMcERGdmE0ZUowcjFZNFdhSURyeGlPYUYyS0pqZkhnTllCcjVGX0hlR2Q1dzVKME52QU04?oc=5\" target=\"_blank\" rel=\"nofollow noopener\">DEBATT: Din r\u00f6st avg\u00f6r framtiden<\/a>&nbsp;&nbsp;KT-Kuriren<\/li>\n<\/ol>\n","protected":false},"excerpt":{"rendered":"INS\u00c4NDARE: Dags att r\u00f6sta f\u00f6r ett v\u00e4rdigt arbetsliv \u2013 d\u00e4r kroppen h\u00e5ller&nbsp;&nbsp;Katrineholms-Kuriren Tre omr\u00e5den som m\u00e5ste st\u00e5 h\u00f6gst&hellip;\n","protected":false},"author":2,"featured_media":362175,"comment_status":"","ping_status":"","sticky":false,"template":"","format":"standard","meta":{"footnotes":"","_share_on_mastodon":"0"},"categories":[12],"tags":[22,23,26,27,17,21,24,25,28,29,15,16,18,34,31,33,32,30,19,20],"class_list":["post-362174","post","type-post","status-publish","format-standard","has-post-thumbnail","category-sverige","tag-breaking-news","tag-breakingnews","tag-featured-news","tag-featurednews","tag-headlines","tag-huvudnyheter","tag-latest-news","tag-latestnews","tag-main-news","tag-mainnews","tag-news","tag-nyheter","tag-rubriker","tag-se","tag-svenska","tag-sverige","tag-sweden","tag-swedish","tag-top-stories","tag-topstories"],"share_on_mastodon":{"url":"https:\/\/pubeurope.com\/@se\/117200663817728399","error":""},"_links":{"self":[{"href":"https:\/\/www.europesays.com\/se\/wp-json\/wp\/v2\/posts\/362174","targetHints":{"allow":["GET"]}}],"collection":[{"href":"https:\/\/www.europesays.com\/se\/wp-json\/wp\/v2\/posts"}],"about":[{"href":"https:\/\/www.europesays.com\/se\/wp-json\/wp\/v2\/types\/post"}],"author":[{"embeddable":true,"href":"https:\/\/www.europesays.com\/se\/wp-json\/wp\/v2\/users\/2"}],"replies":[{"embeddable":true,"href":"https:\/\/www.europesays.com\/se\/wp-json\/wp\/v2\/comments?post=362174"}],"version-history":[{"count":0,"href":"https:\/\/www.europesays.com\/se\/wp-json\/wp\/v2\/posts\/362174\/revisions"}],"wp:featuredmedia":[{"embeddable":true,"href":"https:\/\/www.europesays.com\/se\/wp-json\/wp\/v2\/media\/362175"}],"wp:attachment":[{"href":"https:\/\/www.europesays.com\/se\/wp-json\/wp\/v2\/media?parent=362174"}],"wp:term":[{"taxonomy":"category","embeddable":true,"href":"https:\/\/www.europesays.com\/se\/wp-json\/wp\/v2\/categories?post=362174"},{"taxonomy":"post_tag","embeddable":true,"href":"https:\/\/www.europesays.com\/se\/wp-json\/wp\/v2\/tags?post=362174"}],"curies":[{"name":"wp","href":"https:\/\/api.w.org\/{rel}","templated":true}]}}