{"id":362184,"date":"2026-09-02T09:16:16","date_gmt":"2026-09-02T09:16:16","guid":{"rendered":"https:\/\/www.europesays.com\/se\/362184\/"},"modified":"2026-09-02T09:16:16","modified_gmt":"2026-09-02T09:16:16","slug":"senaste-nytt-snabba-nyheter-fran-aftonbladet-305","status":"publish","type":"post","link":"https:\/\/www.europesays.com\/se\/362184\/","title":{"rendered":"Senaste nytt \u2013 snabba nyheter fr\u00e5n Aftonbladet"},"content":{"rendered":"<p><img decoding=\"async\" src=\"https:\/\/www.europesays.com\/se\/wp-content\/uploads\/2026\/09\/1788340572_534_0c488a4b88e17d4cdff7e17364c0b276.jpg\" class=\"thumbnail-image_fbfd\" alt=\"H\u00e4ng med Radio Aftonbladet\"\/><\/p>\n<p>H\u00e4ng med Radio Aftonbladet<\/p>\n<p>0<\/p>\n<ul class=\"hyperion-css-88kmbp\">\n<li class=\"hyperion-css-100j4g8\" data-entry-tags=\"\" data-testid=\"liveblog-entry\">\n<p>3 000 d\u00f6da i ebolautbrott <\/p>\n<p>3 000 d\u00f6da i ebolautbrott <\/p>\n<p class=\"hyperion-css-mtu8ek\">D\u00f6dssiffran stiger i Kongo-Kinshasa. <\/p>\n<p class=\"hyperion-css-mtu8ek\">\u00d6ver 3 000 personer har nu d\u00f6tt i ebolaepidemin, skriver Reuters och h\u00e4nvisar till lokala myndigheten.<\/p>\n<p class=\"hyperion-css-mtu8ek\">Utbrottet \u00e4r den d\u00f6dligaste i landets historia.  <\/p>\n<p class=\"hyperion-css-mtu8ek\">Samtidigt har \u00f6ver 6 000 personer blivit smittade av ebola. <\/p>\n<\/li>\n<li class=\"hyperion-css-100j4g8\" data-entry-tags=\"\" data-testid=\"liveblog-entry\">\n<p>H\u00e4ngde ut sexbrottslingar &#8211; Alfv\u00e9n d\u00f6ms f\u00f6r f\u00f6rtal<\/p>\n<p>H\u00e4ngde ut sexbrottslingar &#8211; Alfv\u00e9n d\u00f6ms f\u00f6r f\u00f6rtal<\/p>\n<p class=\"hyperion-css-mtu8ek\">Opinionsbildaren och aktivisten Jonatan Alfv\u00e9n d\u00f6ms till villkorlig dom f\u00f6r grovt f\u00f6rtal.<\/p>\n<p class=\"hyperion-css-mtu8ek\">Alfv\u00e9n \u00e5talades efter att ha publicerat uppgifter om fem d\u00f6mda sexualbrottslingar p\u00e5 Facebook. I inl\u00e4ggen publicerade han namn, bild och deras bostadsorter.<\/p>\n<p class=\"hyperion-css-mtu8ek\">\u2013 Det k\u00e4nns r\u00e4tt sinnessjukt, sa Jonatan Alfv\u00e9n till Aftonbladet innan domen f\u00f6ll.<\/p>\n<p class=\"hyperion-css-mtu8ek\">Han r\u00e4knade med en f\u00e4llande dom. Alfv\u00e9n ska \u00e4ven betala dagsb\u00f6ter och skadest\u00e5nd.<\/p>\n<\/li>\n<li class=\"hyperion-css-100j4g8\" data-entry-tags=\"\" data-testid=\"liveblog-entry\">\n<p>Tv\u00e5 m\u00e4n beg\u00e4rs h\u00e4ktade f\u00f6r d\u00f6dsmisshandel i Karlstad<\/p>\n<p>Tv\u00e5 m\u00e4n beg\u00e4rs h\u00e4ktade f\u00f6r d\u00f6dsmisshandel i Karlstad<\/p>\n<p class=\"hyperion-css-mtu8ek\">Tv\u00e5 m\u00e4n i 20-\u00e5rs\u00e5ldern beg\u00e4rs h\u00e4ktade efter att Mattias, 48, misshandlades till d\u00f6ds i Karlstad i helgen. <\/p>\n<p class=\"hyperion-css-mtu8ek\">M\u00e4nnen h\u00e4ktas f\u00f6r dr\u00e5p i f\u00f6rsta hand, alternativt grov misshandel och v\u00e5llande till annans d\u00f6d, skriver <a href=\"https:\/\/www.nwt.se\/karlstad\/tva-begars-haktade-for-dodsmisshandeln\/\" rel=\"noopener nofollow\" target=\"_blank\">NWT<\/a>. <\/p>\n<p class=\"hyperion-css-mtu8ek\">Mattias dog efter att han hamnade i ett slagsm\u00e5l under natten mot s\u00f6ndagen. <\/p>\n<p class=\"hyperion-css-mtu8ek\">\u00c5klagare Cecilia Aronsson har tidigare sagt att m\u00e4nnen inte har n\u00e5gon koppling till offret. <\/p>\n<p><a class=\"hyperion-css-1p6hmxk\" href=\"https:\/\/www.aftonbladet.se\/nyheter\/a\/q6XLae\/mattias-48-misshandlades-till-dods-vid-burger-king-i-karlstad\" rel=\"nofollow noopener\" target=\"_blank\"><img decoding=\"async\" alt=\"teaser\" src=\"https:\/\/www.europesays.com\/se\/wp-content\/uploads\/2026\/09\/1788340573_542_9e74a9f8-632b-3b9b-a3cd-bd500cb5091d.jpeg\"\/><\/p>\n<p>i g\u00e5r \ud83d\udd52 22:35<\/p>\n<p>Mattias misshandlades till d\u00f6ds \u2013 dottern s\u00e5g p\u00e5<\/p>\n<p><\/a><\/li>\n<li class=\"hyperion-css-100j4g8\" data-entry-tags=\"\" data-testid=\"liveblog-entry\">\n<p>N\u00e4stan en miljon har f\u00f6rtidsr\u00f6stat: \u201dStor \u00f6kning\u201d<\/p>\n<p><img decoding=\"async\" class=\"hyperion-css-4zyuxd\" alt=\"N\u00e4ra en miljon v\u00e4ljare har f\u00f6rtidsr\u00f6stat under f\u00f6rsta veckan, enligt Valmyndigheten.\" src=\"https:\/\/www.europesays.com\/se\/wp-content\/uploads\/2026\/09\/1788340574_355_e130ac0a43e788ef9502fb17ed0836dc.jpeg\"  loading=\"lazy\" style=\"aspect-ratio:150\/undefined;height:auto;width:100%\"\/><\/p>\n<p>N\u00e4ra en miljon v\u00e4ljare har f\u00f6rtidsr\u00f6stat under f\u00f6rsta veckan, enligt Valmyndigheten. Foto: Fredrik Sandberg\/TT<\/p>\n<p>N\u00e4stan en miljon har f\u00f6rtidsr\u00f6stat: \u201dStor \u00f6kning\u201d<\/p>\n<p class=\"hyperion-css-mtu8ek\">Intresset f\u00f6r att f\u00f6rtidsr\u00f6sta \u00e4r stort. Under f\u00f6rsta veckan har n\u00e4stan en miljon r\u00f6stat \u2013 en \u00f6kning med 40 procent j\u00e4mf\u00f6rt med samma period vid valet 2022, enligt Valmyndigheten.<\/p>\n<p class=\"hyperion-css-mtu8ek\">Enligt myndigheten har 992 863 v\u00e4ljare f\u00f6rtidsr\u00f6stat under de f\u00f6rsta sju dagarna.<\/p>\n<p class=\"hyperion-css-mtu8ek\">\u201dVi ser en v\u00e4ldigt stor \u00f6kning i f\u00f6rtidsr\u00f6stningen s\u00e5 h\u00e4r l\u00e5ngt j\u00e4mf\u00f6rt med valet 2022. Siffrorna f\u00f6r de f\u00f6rsta sju dagarna visar att trenden med fler och fler som f\u00f6rtidsr\u00f6star ser ut att h\u00e5lla i sig \u00e4ven vid \u00e5rets val\u201d, s\u00e4ger Anna Nyqvist, kanslichef p\u00e5 Valmyndigheten, i ett pressmeddelande.<\/p>\n<p class=\"hyperion-css-mtu8ek\">Statistiken bygger p\u00e5 registreringar i den digitala v\u00e4ljarf\u00f6rteckningen och \u00e4r prelimin\u00e4r.<\/p>\n<\/li>\n<li class=\"hyperion-css-100j4g8\" data-entry-tags=\"\" data-testid=\"liveblog-entry\">\n<p>Larmet: Svensk honung blir dyrare <\/p>\n<p>Larmet: Svensk honung blir dyrare <\/p>\n<p class=\"hyperion-css-mtu8ek\">Priset p\u00e5 svensk honung kommer att stiga i h\u00f6st, skriver <a href=\"https:\/\/www.tv4.se\/artikel\/1lbRN4ZqyuPNqbUuuMj23g\/svensk-honung-dyrare-i-hoest-trots-gynnsam-sommar\" rel=\"noopener nofollow\" target=\"_blank\">TV4<\/a>. <\/p>\n<p class=\"hyperion-css-mtu8ek\">Det beror p\u00e5 antalet bisamh\u00e4llen i landet inte r\u00e4cker till f\u00f6r att m\u00f6ta den h\u00f6ga efterfr\u00e5gan. <\/p>\n<p class=\"hyperion-css-mtu8ek\">\u2013 Vi kommer att ha brist p\u00e5 svensk honung. \u00c4ven om vi har bra sk\u00f6rd p\u00e5 vissa h\u00e5ll kommer efterfr\u00e5gan pressa upp priserna, s\u00e4ger Yngve Kihlberg, ordf\u00f6rande i Biodlingsf\u00f6retagarna, till tv-kanalen. <\/p>\n<p class=\"hyperion-css-mtu8ek\">Enligt branschorganisationen ska kunderna r\u00e4kna med att betala runt 20 kronor mer per burk. <\/p>\n<\/li>\n<\/ul>\n<p>Visa fler inl\u00e4gg<\/p>\n<p class=\"hyperion-css-1v9qo5x\"><strong>ANNONS<\/strong><\/p>\n<p><img decoding=\"async\" src=\"https:\/\/www.europesays.com\/se\/wp-content\/uploads\/2026\/09\/1788340575_769_08dc0845e6a953a0a7738852f6bdde21.jpg\" class=\"thumbnail-image_fbfd\" alt=\"Radio Aftonbladet\"\/>Tipsa\u00a0oss<\/p>\n<p class=\"hyperion-css-1v9qo5x\">check <strong>Vet du mer? Har du ett nyhetstips?<\/strong><\/p>\n<p>expand-left<\/p>\n<p>helsk\u00e4rm<img decoding=\"async\" class=\"image-asset hyperion-css-u06ts1\" data-test-tag=\"image-asset\" src=\"https:\/\/www.europesays.com\/se\/wp-content\/uploads\/2026\/09\/1788340576_77_34d76523-28e5-4fbc-8563-7913aaac9919.jpeg\"  alt=\"\"  loading=\"eager\" fetchpriority=\"high\" style=\"aspect-ratio:1900 \/ 1267\"\/> Foto: Emma-Sofia Olsson \/ Schibsted<\/p>\n<p class=\"hyperion-css-1v9qo5x\">check<strong> Om Tipsa!<\/strong><br \/>P\u00e5 Aftonbladet s\u00f6ker vi st\u00e4ndigt efter nya vinklar. Och som l\u00e4sare \u00e4r du en viktig del av v\u00e5rt nyhetsarbete. Med v\u00e5r tj\u00e4nst Tipsa! kan du l\u00e4tt skicka in tips, bilder och video. I v\u00e5ra appar kan vi dessutom n\u00e5 dig med lokala push-notiser och efterlysningar.<br \/><strong>\u00a0<\/strong><br \/>check<strong> Vad h\u00e4nder med mitt tips?<\/strong><br \/>Vi l\u00e4ser alla tips som skickas. Om vi bed\u00f6mer ditt tips som intressant tar vi kontakt med dig via de kontaktv\u00e4gar du l\u00e4mnat. N\u00e4r du skickar din bild eller film till Aftonbladet ger du samtidigt ditt tillst\u00e5nd till publicering.<br \/>\u00a0<br \/>check<strong> Hur skyddas mina uppgifter?<\/strong><br \/>Aftonbladet garanterar alla tipsare k\u00e4llskydd, en grundlagsskyddad r\u00e4ttighet enligt Tryckfrihetsf\u00f6rordningen. Alla tips skickas krypterade. Din identitet \u00e4r skyddad hos oss men redaktionen kan komma att kontakta dig f\u00f6r ytterligare information kring ditt tips. <\/p>\n<p class=\"hyperion-css-1v9qo5x\">Vill du vara anonym ocks\u00e5 f\u00f6r redaktionen finns det flera andra v\u00e4gar att kontakta oss: du kan ringa fr\u00e5n ett dolt nummer eller maila oss fr\u00e5n en tillf\u00e4llig e-postadress, t ex hotmail eller gmail.<br \/><strong>\u00a0 <\/strong><br \/>check<strong> F\u00e5r jag ers\u00e4ttning?<\/strong><br \/>Aftonbladet betalar alltid f\u00f6r publicerade nyhetstips och nyhetsbilder\/filmer som du \u00e4ger eller har r\u00e4tt att s\u00e4lja. Vi betalar bara till den som \u00e4r f\u00f6rst med tipset eller till den som har ny information om en nyhet.<\/p>\n<p class=\"hyperion-css-1v9qo5x\">Beslut om ers\u00e4ttning ska utg\u00e5 best\u00e4ms av tj\u00e4nstg\u00f6rande nyhetschef i samband med att tipset l\u00e4mnas. Vi ers\u00e4tter inte nyhetstips retroaktivt.<\/p>\n<p class=\"hyperion-css-1v9qo5x\">Storleken p\u00e5 ers\u00e4ttningen beror bland annat p\u00e5 dignitet eller hur unik nyheten \u00e4r och vad den tillf\u00f6r rapporteringen.<\/p>\n<p class=\"hyperion-css-1v9qo5x\">N\u00e4r vi efterlyser bilder av mer allm\u00e4n karakt\u00e4r, t ex sommarbilder, som inte ing\u00e5r i en nyhetsrapportering, utg\u00e5r ingen ers\u00e4ttning.<\/p>\n<p class=\"hyperion-css-1v9qo5x\">N\u00e4r du skickar din bild till Aftonbladet ger du samtidigt ditt tillst\u00e5nd till publicering\/publiceringar.<br \/><strong>\u00a0<\/strong><br \/>check<strong> Jag blev lovad ers\u00e4ttning. N\u00e4r f\u00e5r jag pengarna?<\/strong><br \/>Arvoden f\u00f6r publicerade nyhetstips, bilder eller filmer betalas ut som l\u00f6n s\u00e5 snart som m\u00f6jligt.<br \/><strong>\u00a0<\/strong><br \/>check<strong> V\u00e5ra appar<\/strong><br \/>Tack vare platstj\u00e4nsten geolokalisering kan du i v\u00e5ra appar f\u00e5 push-notiser med lokala nyheter om h\u00e4ndelser just d\u00e4r du befinner dig.<\/p>\n<p class=\"hyperion-css-1v9qo5x\">N\u00e4r en st\u00f6rre nyhetsh\u00e4ndelse intr\u00e4ffat i din n\u00e4rhet skickas en push-notis till dig n\u00e4r du anv\u00e4nder Tipsa!<\/p>\n<p class=\"hyperion-css-1v9qo5x\">Vi kan samtidigt efterlysa din hj\u00e4lp i nyhetsrapporteringen. Med dina egna bilder och upplysningar \u2013 fr\u00e5n d\u00e4r det h\u00e4nder, n\u00e4r det h\u00e4nder.<\/p>\n<p class=\"hyperion-css-1v9qo5x\">Aftonbladets appar hittar du i<a aria-label=\" Appstore \" class=\"default hyperion-css-15jkft9\" href=\"https:\/\/itunes.apple.com\/se\/app\/aftonbladet\/id284962281?mt=8\/?requiredbrowser=external\" rel=\"noopener nofollow noreferrer\" data-test-tag=\"external-link\" target=\"_blank\"> Appstore <\/a>och<a aria-label=\" Google Play\" class=\"default hyperion-css-15jkft9\" href=\"https:\/\/play.google.com\/store\/apps\/details?id=se.aftonbladet.start&amp;requiredbrowser=external\" rel=\"noopener nofollow noreferrer\" data-test-tag=\"external-link\" target=\"_blank\"> Google Play<\/a>.<br \/><strong>\u00a0<\/strong><br \/>check<strong> Bra att t\u00e4nka p\u00e5<\/strong><\/p>\n<ul class=\"hyperion-css-e9gx76\" data-test-tag=\"list\">\n<li class=\"hyperion-css-1d843yr\">En nyhetsh\u00e4ndelse kan vara dramatisk. Se till att du aldrig \u00e4r i v\u00e4gen f\u00f6r r\u00e4ddningspersonal eller polis. Uts\u00e4tt inte dig sj\u00e4lv eller andra f\u00f6r n\u00e5gra risker. T\u00e4nk p\u00e5 den personliga integriteten. Var inte f\u00f6r n\u00e4rg\u00e5ngen utan h\u00e5ll dig p\u00e5 beh\u00f6rigt avst\u00e5nd.<\/li>\n<li class=\"hyperion-css-1d843yr\">En bra nyhetsbild eller film vill vi publicera direkt. Med appens hj\u00e4lp n\u00e5r du v\u00e5r nyhetsredaktion snabbast och din bild eller live-film kan publiceras p\u00e5 Aftonbladet inom n\u00e5gra minuter.<\/li>\n<li class=\"hyperion-css-1d843yr\">Allm\u00e4nna \u00e5sikter, teorier eller spekulationer \u00e4r inte nyhetstips.<\/li>\n<\/ul>\n","protected":false},"excerpt":{"rendered":"H\u00e4ng med Radio Aftonbladet 0 3 000 d\u00f6da i ebolautbrott 3 000 d\u00f6da i ebolautbrott D\u00f6dssiffran stiger i&hellip;\n","protected":false},"author":2,"featured_media":362185,"comment_status":"","ping_status":"","sticky":false,"template":"","format":"standard","meta":{"footnotes":"","_share_on_mastodon":"0"},"categories":[12],"tags":[22,23,26,27,17,21,24,25,28,29,15,16,18,34,31,33,32,30,19,20],"class_list":["post-362184","post","type-post","status-publish","format-standard","has-post-thumbnail","category-sverige","tag-breaking-news","tag-breakingnews","tag-featured-news","tag-featurednews","tag-headlines","tag-huvudnyheter","tag-latest-news","tag-latestnews","tag-main-news","tag-mainnews","tag-news","tag-nyheter","tag-rubriker","tag-se","tag-svenska","tag-sverige","tag-sweden","tag-swedish","tag-top-stories","tag-topstories"],"share_on_mastodon":{"url":"https:\/\/pubeurope.com\/@se\/117200695878792318","error":""},"_links":{"self":[{"href":"https:\/\/www.europesays.com\/se\/wp-json\/wp\/v2\/posts\/362184","targetHints":{"allow":["GET"]}}],"collection":[{"href":"https:\/\/www.europesays.com\/se\/wp-json\/wp\/v2\/posts"}],"about":[{"href":"https:\/\/www.europesays.com\/se\/wp-json\/wp\/v2\/types\/post"}],"author":[{"embeddable":true,"href":"https:\/\/www.europesays.com\/se\/wp-json\/wp\/v2\/users\/2"}],"replies":[{"embeddable":true,"href":"https:\/\/www.europesays.com\/se\/wp-json\/wp\/v2\/comments?post=362184"}],"version-history":[{"count":0,"href":"https:\/\/www.europesays.com\/se\/wp-json\/wp\/v2\/posts\/362184\/revisions"}],"wp:featuredmedia":[{"embeddable":true,"href":"https:\/\/www.europesays.com\/se\/wp-json\/wp\/v2\/media\/362185"}],"wp:attachment":[{"href":"https:\/\/www.europesays.com\/se\/wp-json\/wp\/v2\/media?parent=362184"}],"wp:term":[{"taxonomy":"category","embeddable":true,"href":"https:\/\/www.europesays.com\/se\/wp-json\/wp\/v2\/categories?post=362184"},{"taxonomy":"post_tag","embeddable":true,"href":"https:\/\/www.europesays.com\/se\/wp-json\/wp\/v2\/tags?post=362184"}],"curies":[{"name":"wp","href":"https:\/\/api.w.org\/{rel}","templated":true}]}}