{"id":362194,"date":"2026-09-02T09:24:36","date_gmt":"2026-09-02T09:24:36","guid":{"rendered":"https:\/\/www.europesays.com\/se\/362194\/"},"modified":"2026-09-02T09:24:36","modified_gmt":"2026-09-02T09:24:36","slug":"torrt-i-soder-blott-i-norr-skordelaget-skiljer-sig-at-i-landet","status":"publish","type":"post","link":"https:\/\/www.europesays.com\/se\/362194\/","title":{"rendered":"Torrt i s\u00f6der, bl\u00f6tt i norr \u2013 sk\u00f6rdel\u00e4get skiljer sig \u00e5t i landet"},"content":{"rendered":"<p>&#13;<br \/>\n                        &#13;<br \/>\n&#13;<br \/>\n&#13;<br \/>\n&#13;<\/p>\n<p style=\"margin-bottom:8pt;margin-top:12px;\"><img loading=\"lazy\" decoding=\"async\" alt=\"Skrdetrska i Uppland augusti 2026\" height=\"366\" src=\"https:\/\/www.europesays.com\/se\/wp-content\/uploads\/2026\/09\/a114d205a8075fa4_800x800ar.jpg\" width=\"550\"\/><\/p>\n<p style=\"margin-bottom:8pt; margin-top:0pt;\"><strong>I stora delar av s\u00f6dra Sverige \u00e4r spannm\u00e5lssk\u00f6rden i princip avslutad och fokus har b\u00f6rjat skifta mot h\u00f6sts\u00e5dden. Samtidigt har \u00e5terkommande regn f\u00f6rsv\u00e5rat sk\u00f6rdearbetet l\u00e4ngre norrut. En l\u00e4gesbild fr\u00e5n lantbrukare runt om i landet visar stora regionala skillnader i \u00e5rets sk\u00f6rdes\u00e4song.<\/strong><\/p>\n<p style=\"margin-bottom:8pt; margin-top:0pt;\">Landshypotek Bank, som \u00e4gs av svenska lantbrukare, har st\u00e4mt av det aktuella sk\u00f6rdel\u00e4get runt om i landet. P\u00e5 m\u00e5nga platser har det regnat de senaste dagarna, men under v\u00e4xtodlingsperioden vittnar m\u00e5nga om torrt v\u00e4der.<\/p>\n<p style=\"margin-bottom:8pt; margin-top:0pt;\">\u00c5rets sk\u00f6rd har utvecklats olika beroende p\u00e5 var i landet lantbrukarna verkar. I delar av Mellansverige rapporteras om att det varit goda sk\u00f6rdef\u00f6rh\u00e5llanden med f\u00e5 regnavbrott och l\u00e5ga vattenhalter i spannm\u00e5len, medan lantbrukare i s\u00f6dra Sverige i allt h\u00f6gre grad oroas av l\u00e5g markfuktighet inf\u00f6r h\u00f6sts\u00e5dden. L\u00e4ngre norrut har bl\u00f6tt v\u00e4der inneburit utmaningar f\u00f6r sk\u00f6rdearbetet.<\/p>\n<p style=\"margin-bottom:8pt; margin-top:0pt;\">\u2013 Fantastiskt sk\u00f6rdev\u00e4der och bra sk\u00f6rd. Det torra v\u00e4dret under perioden har gjort att det \u00e4r l\u00e5ga vattenhalter, vilket spar b\u00e5de tid och pengar eftersom spannm\u00e5len inte beh\u00f6ver torkas lika mycket, s\u00e4ger Robert Ihrs\u00e9n, ekologisk spannm\u00e5lsodlare i Fj\u00e4rdhundra utanf\u00f6r Enk\u00f6ping och f\u00f6rtroendevald i Landshypotek.<\/p>\n<p style=\"margin-bottom:8pt; margin-top:0pt;\">I \u00d6sterg\u00f6tland och V\u00e4stra G\u00f6taland beskriver lantbrukare ocks\u00e5 en sk\u00f6rd som utvecklats b\u00e4ttre \u00e4n m\u00e5nga befarade efter vintern. Samtidigt har fokus p\u00e5 flera h\u00e5ll b\u00f6rjat skifta mot h\u00f6sts\u00e5dden, som redan \u00e4r i g\u00e5ng eller st\u00e5r f\u00f6r d\u00f6rren. M\u00e5nga lantbrukare i s\u00f6dra Sverige hoppas nu p\u00e5 regn f\u00f6r att f\u00f6rb\u00e4ttra f\u00f6ruts\u00e4ttningarna f\u00f6r h\u00f6stgr\u00f6dorna.<\/p>\n<p style=\"margin-bottom:8pt; margin-top:0pt;\">I Sk\u00e5ne \u00e4r spannm\u00e5lssk\u00f6rden till stor del avslutad. Att det varit begr\u00e4nsad nederb\u00f6rd under v\u00e4xts\u00e4songen har p\u00e5verkat b\u00e5de volymer och kvalitet, samtidigt som fokus nu flyttas till h\u00f6sts\u00e5dden.<\/p>\n<p style=\"margin-bottom:8pt; margin-top:0pt;\">\u2013 Vi f\u00e5r v\u00e4l vara skapligt n\u00f6jda. V\u00e4dret har varit okej f\u00f6rutom att vi saknar regn, mycket regn. Generellt ser volymerna ut att vara l\u00e4gre \u00e4n fem\u00e5rssnittet och kvaliteterna \u00e4r mycket varierande, s\u00e4ger Marianne Andersson, lantbrukare p\u00e5 S\u00f6dersl\u00e4tt utanf\u00f6r Trelleborg och ordf\u00f6rande i Landshypoteks regionf\u00f6rening Sk\u00e5ne.<\/p>\n<p style=\"margin-bottom:8pt; margin-top:0pt;\">Landshypotek har st\u00e4ndig kontakt med lantbrukare \u00f6ver hela landet. P\u00e5 Gotland varierar resultaten stort mellan olika gr\u00f6dor och delar av \u00f6n. B\u00e5de vinterf\u00f6rh\u00e5llandena och v\u00e4dret under f\u00f6rsommaren har satt sina sp\u00e5r, samtidigt som senare regn f\u00f6rb\u00e4ttrat f\u00f6ruts\u00e4ttningarna f\u00f6r vissa gr\u00f6dor.<\/p>\n<p style=\"margin-bottom:8pt; margin-top:0pt;\">L\u00e4ngre norrut \u00e4r bilden en annan. I b\u00e5de J\u00e4mtland och Norrbotten har perioder med mycket nederb\u00f6rd f\u00f6rsv\u00e5rat planeringen av sk\u00f6rdearbetet och p\u00e5verkat m\u00f6jligheterna att f\u00e5 in gr\u00f6dorna under bra f\u00f6rh\u00e5llanden.<\/p>\n<p style=\"margin-bottom:8pt; margin-top:0pt;\">\u2013 Det ostadiga v\u00e4dret har gjort det sv\u00e5rt att planera sk\u00f6rdearbetet. Vi beh\u00f6ver perioder av uppeh\u00e5ll s\u00e5 att det hinner torka upp och vi kan avsluta sk\u00f6rdearbetet, s\u00e4ger Hulda Wirs\u00e9n, lantbrukare i \u00d6verkalix och f\u00f6rtroendevald i Landshypotek.<\/p>\n<p style=\"margin-bottom:8pt; margin-top:0pt;\"><strong>Kontakta f\u00f6r mer information<\/strong><\/p>\n<p style=\"margin-bottom:8pt; margin-top:0pt;\">Vill du tala med en lantbrukare som kan kommentera l\u00e4get i din region?<\/p>\n<p style=\"margin-bottom:8pt; margin-top:0pt;\"><strong>Presskontakt:<\/strong><\/p>\n<p style=\"margin-bottom:8pt; margin-top:0pt;\">Jonas Feinberg, presskontakt Landshypotek Bank, 070-349 24 10<\/p>\n<p><strong>Om Landshypotek<\/strong><\/p>\n<p>Landshypotek har varit i kraftig tillv\u00e4xt de senaste \u00e5ren, som ledande bank inom jord- och skogsutl\u00e5ningen och som utmanarbank inom bol\u00e5n och spara. Kunderna uppskattar den enkla och \u00f6ppna banken med transparenta villkor inom bol\u00e5n och spara, liksom den kundn\u00e4ra kompetensen och cirkul\u00e4ra aff\u00e4rsmodellen inom jord och skog. Med tydliga v\u00e4rderingar upplevs banken f\u00f6r allt fler kunder som ett starkt alternativ p\u00e5 bankmarknaden. Landshypotek grundades 1836. Banken \u00e4gs av jord- och skogsbrukskunderna, och verkar \u00f6ver hela landet.<\/p>\n<p>&#13;<br \/>\n&#13;<br \/>\n&#13;<br \/>\n&#13;<\/p>\n","protected":false},"excerpt":{"rendered":"&#13; &#13; &#13; &#13; &#13; I stora delar av s\u00f6dra Sverige \u00e4r spannm\u00e5lssk\u00f6rden i princip avslutad och fokus&hellip;\n","protected":false},"author":2,"featured_media":362195,"comment_status":"","ping_status":"","sticky":false,"template":"","format":"standard","meta":{"footnotes":"","_share_on_mastodon":"0"},"categories":[12],"tags":[22,23,26,27,17,21,24,25,28,29,15,16,18,34,31,33,32,30,19,20],"class_list":["post-362194","post","type-post","status-publish","format-standard","has-post-thumbnail","category-sverige","tag-breaking-news","tag-breakingnews","tag-featured-news","tag-featurednews","tag-headlines","tag-huvudnyheter","tag-latest-news","tag-latestnews","tag-main-news","tag-mainnews","tag-news","tag-nyheter","tag-rubriker","tag-se","tag-svenska","tag-sverige","tag-sweden","tag-swedish","tag-top-stories","tag-topstories"],"share_on_mastodon":{"url":"https:\/\/pubeurope.com\/@se\/117200727035134681","error":""},"_links":{"self":[{"href":"https:\/\/www.europesays.com\/se\/wp-json\/wp\/v2\/posts\/362194","targetHints":{"allow":["GET"]}}],"collection":[{"href":"https:\/\/www.europesays.com\/se\/wp-json\/wp\/v2\/posts"}],"about":[{"href":"https:\/\/www.europesays.com\/se\/wp-json\/wp\/v2\/types\/post"}],"author":[{"embeddable":true,"href":"https:\/\/www.europesays.com\/se\/wp-json\/wp\/v2\/users\/2"}],"replies":[{"embeddable":true,"href":"https:\/\/www.europesays.com\/se\/wp-json\/wp\/v2\/comments?post=362194"}],"version-history":[{"count":0,"href":"https:\/\/www.europesays.com\/se\/wp-json\/wp\/v2\/posts\/362194\/revisions"}],"wp:featuredmedia":[{"embeddable":true,"href":"https:\/\/www.europesays.com\/se\/wp-json\/wp\/v2\/media\/362195"}],"wp:attachment":[{"href":"https:\/\/www.europesays.com\/se\/wp-json\/wp\/v2\/media?parent=362194"}],"wp:term":[{"taxonomy":"category","embeddable":true,"href":"https:\/\/www.europesays.com\/se\/wp-json\/wp\/v2\/categories?post=362194"},{"taxonomy":"post_tag","embeddable":true,"href":"https:\/\/www.europesays.com\/se\/wp-json\/wp\/v2\/tags?post=362194"}],"curies":[{"name":"wp","href":"https:\/\/api.w.org\/{rel}","templated":true}]}}