{"id":362208,"date":"2026-09-02T09:32:12","date_gmt":"2026-09-02T09:32:12","guid":{"rendered":"https:\/\/www.europesays.com\/se\/362208\/"},"modified":"2026-09-02T09:32:12","modified_gmt":"2026-09-02T09:32:12","slug":"aktivist-som-pekade-ut-sexbrottslingar-doms","status":"publish","type":"post","link":"https:\/\/www.europesays.com\/se\/362208\/","title":{"rendered":"Aktivist som pekade ut sexbrottslingar d\u00f6ms"},"content":{"rendered":"<p>Jonathan Alfv\u00e9n \u00e5talades f\u00f6r att i separata inl\u00e4gg p\u00e5 sin Facebook ha publicerat uppgifter om fem m\u00e4n som d\u00f6mts f\u00f6r olika sexualbrott, d\u00e4ribland mot barn. F\u00f6rutom uppgifter ur domarna publicerade Alfv\u00e9n \u00e4ven namn och bild p\u00e5 m\u00e4nnen, samt bostadsort.<\/p>\n<p>Enligt \u00e5talet ska agerandet klassas som grovt f\u00f6rtal d\u00e5 uppgifterna och dess spridning \u201dvar \u00e4gnad att medf\u00f6ra allvarlig skada\u201d, en rubricering som har ett maxstraff p\u00e5 tv\u00e5 \u00e5rs f\u00e4ngelse.<\/p>\n<p>Enligt onsdagens dom fr\u00e5n Stockholms tingsr\u00e4tt, d\u00e4r Alfv\u00e9n d\u00f6ms f\u00f6r grovt f\u00f6rtal p\u00e5 sex punkter, s\u00e4tts straffet till villkorlig dom och dagsb\u00f6ter. Han ska \u00e4ven betala skadest\u00e5nd till m\u00e5ls\u00e4gandena.<\/p>\n<p>SD h\u00f6ll presstr\u00e4ff<\/p>\n<p>Alfv\u00e9ns agerande har dock st\u00f6ttats av m\u00e5nga, d\u00e4ribland politiker. Under den f\u00f6rsta r\u00e4tteg\u00e5ngsdagen h\u00f6ll Sverigedemokraterna en presstr\u00e4ff utanf\u00f6r tingsr\u00e4tten d\u00e4r vice partiledare Henrik Vinge bland annat sade att Alfv\u00e9n \u201dhar f\u00f6rs\u00f6kt skydda barn\u201d, enligt <a href=\"https:\/\/www.aftonbladet.se\/nyheter\/a\/m0pX5L\/jonatan-alfven-riskerar-fangelse-klart-fortal\" rel=\"nofollow noopener\" target=\"_blank\">Aftonbladet<\/a>.<\/p>\n<p>I augusti tr\u00e4ffade Alfv\u00e9n statsminister Ulf Kristersson (M) och justitieminister Gunnar Str\u00f6mmer (M) f\u00f6r att l\u00e4mna \u00f6ver en namninsamling med \u00f6ver 20\u00a0000 underskrifter, g\u00e4llande en ny f\u00f6rtalslagstiftning. <\/p>\n<p>\u201dVi kan f\u00f6rst\u00e5s inte kommentera en p\u00e5g\u00e5ende r\u00e4ttsprocess, men fr\u00e5gan om f\u00f6rtal engagerar p\u00e5 goda grunder. Moderaterna menar att man borde f\u00e5 varna sina grannar om en d\u00f6md pedofil flyttar in i omr\u00e5det, och varna f\u00f6r farliga v\u00e5ldt\u00e4ktsm\u00e4n. Vi st\u00e5r p\u00e5 brottsoffrens sida\u201d, skrev statsministern p\u00e5 Facebook efter\u00e5t.<\/p>\n<p>Ser \u00f6ver f\u00f6rtalslagstiftning<\/p>\n<p>Regeringen har meddelat att en parlamentarisk kommitt\u00e9 tillsatts f\u00f6r att bland annat se \u00f6ver \u201dom personer som, utifr\u00e5n v\u00e4lgrundade uppgifter, varnar andra f\u00f6r risken att uts\u00e4ttas f\u00f6r allvarliga sexuella \u00f6vergrepp b\u00f6r f\u00e5 ett starkare skydd mot att d\u00f6mas f\u00f6r f\u00f6rtal\u201d.<\/p>\n<p>Texten uppdateras.<\/p>\n","protected":false},"excerpt":{"rendered":"Jonathan Alfv\u00e9n \u00e5talades f\u00f6r att i separata inl\u00e4gg p\u00e5 sin Facebook ha publicerat uppgifter om fem m\u00e4n som&hellip;\n","protected":false},"author":2,"featured_media":362209,"comment_status":"","ping_status":"","sticky":false,"template":"","format":"standard","meta":{"footnotes":"","_share_on_mastodon":"0"},"categories":[12],"tags":[22,23,26,27,17,21,24,25,28,29,15,16,18,34,31,33,32,30,19,20],"class_list":["post-362208","post","type-post","status-publish","format-standard","has-post-thumbnail","category-sverige","tag-breaking-news","tag-breakingnews","tag-featured-news","tag-featurednews","tag-headlines","tag-huvudnyheter","tag-latest-news","tag-latestnews","tag-main-news","tag-mainnews","tag-news","tag-nyheter","tag-rubriker","tag-se","tag-svenska","tag-sverige","tag-sweden","tag-swedish","tag-top-stories","tag-topstories"],"share_on_mastodon":{"url":"https:\/\/pubeurope.com\/@se\/117200757915168081","error":""},"_links":{"self":[{"href":"https:\/\/www.europesays.com\/se\/wp-json\/wp\/v2\/posts\/362208","targetHints":{"allow":["GET"]}}],"collection":[{"href":"https:\/\/www.europesays.com\/se\/wp-json\/wp\/v2\/posts"}],"about":[{"href":"https:\/\/www.europesays.com\/se\/wp-json\/wp\/v2\/types\/post"}],"author":[{"embeddable":true,"href":"https:\/\/www.europesays.com\/se\/wp-json\/wp\/v2\/users\/2"}],"replies":[{"embeddable":true,"href":"https:\/\/www.europesays.com\/se\/wp-json\/wp\/v2\/comments?post=362208"}],"version-history":[{"count":0,"href":"https:\/\/www.europesays.com\/se\/wp-json\/wp\/v2\/posts\/362208\/revisions"}],"wp:featuredmedia":[{"embeddable":true,"href":"https:\/\/www.europesays.com\/se\/wp-json\/wp\/v2\/media\/362209"}],"wp:attachment":[{"href":"https:\/\/www.europesays.com\/se\/wp-json\/wp\/v2\/media?parent=362208"}],"wp:term":[{"taxonomy":"category","embeddable":true,"href":"https:\/\/www.europesays.com\/se\/wp-json\/wp\/v2\/categories?post=362208"},{"taxonomy":"post_tag","embeddable":true,"href":"https:\/\/www.europesays.com\/se\/wp-json\/wp\/v2\/tags?post=362208"}],"curies":[{"name":"wp","href":"https:\/\/api.w.org\/{rel}","templated":true}]}}