{"id":362220,"date":"2026-09-02T09:42:15","date_gmt":"2026-09-02T09:42:15","guid":{"rendered":"https:\/\/www.europesays.com\/se\/362220\/"},"modified":"2026-09-02T09:42:15","modified_gmt":"2026-09-02T09:42:15","slug":"34-arig-man-doms-till-villkorlig-dom-och-boter-for-grovt-fortal","status":"publish","type":"post","link":"https:\/\/www.europesays.com\/se\/362220\/","title":{"rendered":"34-\u00e5rig man d\u00f6ms till villkorlig dom och b\u00f6ter f\u00f6r grovt f\u00f6rtal."},"content":{"rendered":"<p>&#13;<br \/>\n&#13;<br \/>\nStockholms tingsr\u00e4tt har i dag meddelat dom g\u00e4llande grovt f\u00f6rtal. Domstolen d\u00f6mer en 34-\u00e5rig man som p\u00e5 sin Facebook-sida och Instagram i inl\u00e4gg pekat ut fem m\u00e5ls\u00e4gande som sexualbrottslingar vilket varit \u00e4gnat att uts\u00e4tta dem f\u00f6r andras missaktning. P\u00e5f\u00f6ljden har best\u00e4mts till villkorlig dom f\u00f6renat med dagsb\u00f6ter. Mannen ska \u00e4ven betala skadest\u00e5nd till m\u00e5ls\u00e4gandena.     <\/p>\n<p>Den 34-\u00e5riga mannen har i inl\u00e4gg p\u00e5 sin Facebooksida och Instagram med namn, bild och bostadsort pekat ut de fem m\u00e5ls\u00e4gandena som sexualf\u00f6rbrytare. Han har haft \u00f6ver 100\u00a0000 f\u00f6ljare p\u00e5 Facebook och ca 47\u00a0000 f\u00f6ljare p\u00e5 Instagram och inl\u00e4ggen har delats i stor omfattning. Tingsr\u00e4tten har funnit att uppgifterna varit f\u00f6rtalsgrundande och att mannen inte haft n\u00e5gon skyldighet att l\u00e4mna uppgifterna. \u00a0\u00a0<\/p>\n<p>Mannen har vidg\u00e5tt att han l\u00e4mnat uppgifterna men gjort g\u00e4llande att det varit f\u00f6rsvarligt och att han d\u00e4rf\u00f6r inte ska d\u00f6mas f\u00f6r f\u00f6rtal. Han har uppgett att han velat informera m\u00e4nniskor om m\u00e5ls\u00e4gandena och brott de d\u00f6mts f\u00f6r samt \u00e4ven \u00e5stadkomma lag\u00e4ndringar p\u00e5 f\u00f6rtalsomr\u00e5det. Han har \u00e4ven inv\u00e4nt att han velat varna m\u00e4nniskor f\u00f6r m\u00e5ls\u00e4gandena och att han i vart fall ska g\u00e5 fri fr\u00e5n ansvar p\u00e5 grund av att handlat i en n\u00f6dsituation.<\/p>\n<p>Tingsr\u00e4tten har dock funnit att spridning av uppgifterna till en s\u00e5 stor och obest\u00e4md krets m\u00e4nniskor som skett inte kan anses ha varit f\u00f6rsvarligt, \u00e4ven med beaktande av att inl\u00e4ggen huvudsakligen baserats p\u00e5 information fr\u00e5n offentliga domar. N\u00e5gon s\u00e5dan konkret och akut situation som skulle utg\u00f6ra en n\u00f6dsituation har inte heller f\u00f6relegat. Mannen d\u00f6ms d\u00e4rf\u00f6r f\u00f6r brotten som rubriceras som grova med h\u00e4nsyn till de allvarliga brott m\u00e5ls\u00e4gandena utpekats skyldiga till, den stora spridningen av uppgifterna samt att uppgiftsl\u00e4mnandet varit \u00e4gnat att medf\u00f6ra allvarlig skada f\u00f6r m\u00e5ls\u00e4gandena.\u00a0<\/p>\n<p>Mannen ska \u00e4ven betala skadest\u00e5nd f\u00f6r kr\u00e4nkning till var och en av m\u00e5ls\u00e4gandena med 70\u00a0000 kr.<\/p>\n<p>R\u00e4tten \u00e4r enig.<\/p>\n<p>Kontaktuppgifter<\/p>\n<p>F\u00f6r praktiska fr\u00e5gor, t.ex. beg\u00e4ran att f\u00e5 del av handlingar och domar h\u00e4nvisas i f\u00f6rsta hand till e-postadressen: stockholms.tingsratt.avdelning3@dom.se.<\/p>\n<p>F\u00f6r mer information kring r\u00e4ttens bed\u00f6mningar h\u00e4nvisas till domsk\u00e4len i den skriftliga domen.<\/p>\n","protected":false},"excerpt":{"rendered":"&#13; &#13; Stockholms tingsr\u00e4tt har i dag meddelat dom g\u00e4llande grovt f\u00f6rtal. Domstolen d\u00f6mer en 34-\u00e5rig man som&hellip;\n","protected":false},"author":2,"featured_media":362221,"comment_status":"","ping_status":"","sticky":false,"template":"","format":"standard","meta":{"footnotes":"","_share_on_mastodon":"0"},"categories":[12],"tags":[22,23,26,27,17,21,24,25,28,29,15,16,18,34,31,33,32,30,19,20],"class_list":["post-362220","post","type-post","status-publish","format-standard","has-post-thumbnail","category-sverige","tag-breaking-news","tag-breakingnews","tag-featured-news","tag-featurednews","tag-headlines","tag-huvudnyheter","tag-latest-news","tag-latestnews","tag-main-news","tag-mainnews","tag-news","tag-nyheter","tag-rubriker","tag-se","tag-svenska","tag-sverige","tag-sweden","tag-swedish","tag-top-stories","tag-topstories"],"share_on_mastodon":{"url":"https:\/\/pubeurope.com\/@se\/117200797520887036","error":""},"_links":{"self":[{"href":"https:\/\/www.europesays.com\/se\/wp-json\/wp\/v2\/posts\/362220","targetHints":{"allow":["GET"]}}],"collection":[{"href":"https:\/\/www.europesays.com\/se\/wp-json\/wp\/v2\/posts"}],"about":[{"href":"https:\/\/www.europesays.com\/se\/wp-json\/wp\/v2\/types\/post"}],"author":[{"embeddable":true,"href":"https:\/\/www.europesays.com\/se\/wp-json\/wp\/v2\/users\/2"}],"replies":[{"embeddable":true,"href":"https:\/\/www.europesays.com\/se\/wp-json\/wp\/v2\/comments?post=362220"}],"version-history":[{"count":0,"href":"https:\/\/www.europesays.com\/se\/wp-json\/wp\/v2\/posts\/362220\/revisions"}],"wp:featuredmedia":[{"embeddable":true,"href":"https:\/\/www.europesays.com\/se\/wp-json\/wp\/v2\/media\/362221"}],"wp:attachment":[{"href":"https:\/\/www.europesays.com\/se\/wp-json\/wp\/v2\/media?parent=362220"}],"wp:term":[{"taxonomy":"category","embeddable":true,"href":"https:\/\/www.europesays.com\/se\/wp-json\/wp\/v2\/categories?post=362220"},{"taxonomy":"post_tag","embeddable":true,"href":"https:\/\/www.europesays.com\/se\/wp-json\/wp\/v2\/tags?post=362220"}],"curies":[{"name":"wp","href":"https:\/\/api.w.org\/{rel}","templated":true}]}}