{"id":362234,"date":"2026-09-02T09:50:16","date_gmt":"2026-09-02T09:50:16","guid":{"rendered":"https:\/\/www.europesays.com\/se\/362234\/"},"modified":"2026-09-02T09:50:16","modified_gmt":"2026-09-02T09:50:16","slug":"nyheter-och-senaste-uppdateringarna-om-sverige-utrikes-och-ekonomi-34","status":"publish","type":"post","link":"https:\/\/www.europesays.com\/se\/362234\/","title":{"rendered":"Nyheter och senaste uppdateringarna om Sverige, utrikes och ekonomi"},"content":{"rendered":"<p>Senaste nyheterna<\/p>\n<ul class=\"css-131ltgq\">\n<li class=\"css-empaf4\" data-entry-tags=\"\" data-testid=\"liveblog-entry\">\n<p>Jonatan Westerlind<\/p>\n<p>11.03<\/p>\n<p>H\u00e4ngde ut sexualbrottslingar \u2013 d\u00f6ms<\/p>\n<p>div{font-family:&#8217;Sueca Text&#8217;,georgia,serif;font-style:normal;font-weight:normal;font-size:16px;line-height:1.5;margin-top:0;margin-bottom:16px;}@media screen and (min-width: 25em){.css-17ptz6b >div{font-size:17px;}}@media screen and (min-width: 37.5em){.css-17ptz6b >div{font-size:18px;}}@media print{.css-17ptz6b >div{font-size:14px;}}.css-17ptz6b >div:first-of-type{position:relative;}.css-17ptz6b >div:last-of-type{margin-bottom:0;}]]><\/p>\n<p>H\u00e4ngde ut sexualbrottslingar \u2013 d\u00f6ms<\/p>\n<p class=\"css-1jbi0kr\">En k\u00e4nd aktivist d\u00f6ms till villkorlig dom och b\u00f6ter f\u00f6r grovt f\u00f6rtal efter att ha pekat ut fem d\u00f6mda sexualbrottslingar till sina tusentals f\u00f6ljare p\u00e5 Facebook och Instagram.<\/p>\n<p class=\"css-1jbi0kr\">Mannen ska ha pekat ut personerna med namn, bild och bostadsort. <\/p>\n<p class=\"css-1jbi0kr\">Aktivisten h\u00e4vdar sj\u00e4lv att hans agerande varit f\u00f6rsvarligt och att han inte ska d\u00f6mas f\u00f6r f\u00f6rtal. Han s\u00e4ger att han velat informera m\u00e4nniskor om personerna och de brott de d\u00f6mts f\u00f6r. Han ska \u00e4ven ha velat \u00e5stadkomma en lag\u00e4ndring p\u00e5 f\u00f6rtalsomr\u00e5det. <\/p>\n<p class=\"css-1jbi0kr\">Stockholms tingsr\u00e4tt anser dock att det inte \u00e4r f\u00f6rsvarligt att sprida uppgifterna till en s\u00e5 stor krets m\u00e4nniskor, \u00e4ven om de huvudsakligen baserades p\u00e5 offentliga handlingar.<\/p>\n<p class=\"css-1jbi0kr\">Mannen d\u00f6ms d\u00e4rf\u00f6r till villkorlig dom och att betala 70 000 kronor i skadest\u00e5nd till var och en av de fem utpekade personerna. <\/p>\n<\/li>\n<li class=\"css-18rnhd extra-component-element\"\/>\n<li class=\"css-empaf4\" data-entry-tags=\"\" data-testid=\"liveblog-entry\">\n<p>&#8221;Arkipelag&#8221; blir Sveriges Oscarsbidrag<\/p>\n<p>&#8221;Arkipelag&#8221; blir Sveriges Oscarsbidrag<\/p>\n<p class=\"css-1jbi0kr\">Alex Schulmans film &#8221;Arkipelag&#8221; blir Sveriges Oscarsbidrag till galan 2027. Filmen \u00e4r Schulmans regidebut och har premi\u00e4r den 9 oktober.<\/p>\n<p class=\"css-1jbi0kr\">I filmen spelar Linus Wahlgren, Fares Fares och Gustaf Skarsg\u00e5rd tre pappor som \u00e5ker med sina barn p\u00e5 en klassresa i Stockholms sk\u00e4rg\u00e5rd.<\/p>\n<p class=\"css-1jbi0kr\">\u2013 Jag \u00e4r ju v\u00e4ldigt glad. Det h\u00e4r \u00e4r min f\u00f6rsta film, s\u00e5 det \u00e4r v\u00e4ldigt kul att det gick s\u00e5 bra, s\u00e4ger Schulman till TT.<\/p>\n<p class=\"css-1jbi0kr\">Den t\u00e4vlade mot filmatiseringen av Andrev Waldens bok &#8221;J\u00e4vla karlar&#8221; med samma namn och Amanda Kernells \u201cG\u00f6r hj\u00e4rtat h\u00e5rt&#8221; om att f\u00e5 representera Sverige.<\/p>\n<p class=\"css-1jbi0kr\">Varje land f\u00e5r utse en film i kategorin b\u00e4sta internationella film. Den 15 december sker en f\u00f6rsta gallring av bidragen, d\u00e4r 15 filmer g\u00e5r vidare. De fem slutgiltiga nominerade filmerna avsl\u00f6jas den 21 januari. 2027 \u00e5rs Oscarsgala \u00e4ger rum den 14 mars. <\/p>\n<\/li>\n<li class=\"css-18rnhd extra-component-element\"\/>\n<li class=\"css-empaf4\" data-entry-tags=\"\" data-testid=\"liveblog-entry\">\n<p>Svenska kungafamiljen till kung Haralds begravning<\/p>\n<p>Svenska kungafamiljen till kung Haralds begravning<\/p>\n<p class=\"css-1jbi0kr\">Den svenska kungafamiljen kommer till kung Haralds begravning i Oslo, skriver hovet i ett pressmeddelande.<\/p>\n<p class=\"css-1jbi0kr\">Kung Carl Gustaf och drottning Silvia, kronprinsessan Victoria och prins Daniel, prins Carl Philip och prinsessan Sofia samt prinsessan Madeleine och Christopher O&#8217;Neill kommer att n\u00e4rvara vid begravningen den 9 september.\u00a0<\/p>\n<p class=\"css-1jbi0kr\">\u00c4ven prinsessan Christina kommer till begravningen tillsammans med sin man Tord Magnuson.<\/p>\n<\/li>\n<li class=\"css-18rnhd extra-component-element\"\/>\n<li class=\"css-empaf4\" data-entry-tags=\"\" data-testid=\"liveblog-entry\">\n<p>Tv\u00e5 d\u00f6da efter krock mellan traktor och personbil<\/p>\n<p>Tv\u00e5 d\u00f6da efter krock mellan traktor och personbil<\/p>\n<p class=\"css-1jbi0kr\">Tv\u00e5 m\u00e4n i 30-\u00e5rs\u00e5ldern har avlidit efter en trafikolycka i Landskrona, skriver polisen p\u00e5 sin hemsida.<\/p>\n<p class=\"css-1jbi0kr\">Det var under m\u00e5ndagskv\u00e4llen som en personbil och en traktor krockade p\u00e5 riksv\u00e4g 17. De b\u00e5da m\u00e4nnen f\u00f6rdes med ambulans till sjukhus men deras liv gick inte att r\u00e4dda.<\/p>\n<\/li>\n<li class=\"css-18rnhd extra-component-element\"\/>\n<li class=\"css-empaf4\" data-entry-tags=\"\" data-testid=\"liveblog-entry\">\n<p>TT<\/p>\n<p>05.53<\/p>\n<p>Bostadspriserna v\u00e4nde upp i augusti<\/p>\n<p>Bostadspriserna v\u00e4nde upp i augusti<\/p>\n<p class=\"css-1jbi0kr\">Bostadspriserna v\u00e4nde upp igen i augusti, s\u00e4rskilt p\u00e5 bostadsr\u00e4tter, enligt ny statistik.<\/p>\n<p class=\"css-1jbi0kr\">Bostadspriserna steg med 1,9 procent sett \u00f6ver hela riket och j\u00e4mf\u00f6rt med juli, enligt SBAB:s m\u00e5natliga m\u00e4tning som bygger p\u00e5 f\u00f6rs\u00e4ljningar p\u00e5 sajten Booli.<\/p>\n<p class=\"css-1jbi0kr\">Mest steg priserna p\u00e5 bostadsr\u00e4tter, upp 4,1 procent medan huspriserna var upp 0,8 procent.<\/p>\n<p class=\"css-1jbi0kr\">Priserna brukar dock s\u00e4songsm\u00e4ssigt stiga i augusti, med det i beaktande blir bilden en annan. D\u00e5 steg bostadsr\u00e4tterna enbart med 0,3 procent medan villapriserna \u00f6kade med 0,7 procent.<\/p>\n<p class=\"css-1jbi0kr\">\u201dSom v\u00e4ntat studsade bostadspriserna upp igen i augusti. Nu blir det sp\u00e4nnande att se vad som h\u00e4nder kommande m\u00e5nader. Normalt sett brukar priserna sjunka tillbaka under senh\u00f6sten och tidig vinter\u201d, s\u00e4ger SBAB:s chefsekonom Robert Boije i ett pressmeddelande.<\/p>\n<p class=\"css-1jbi0kr\">\u00c5 andra sidan, kan en starkare konjunktur och m\u00f6jliga r\u00e4nteh\u00f6jningar p\u00e5verka den bilden \u00e5t olika h\u00e5ll, resonerar han.<\/p>\n<\/li>\n<li class=\"css-18rnhd extra-component-element\"\/>\n<li class=\"css-empaf4\" data-entry-tags=\"\" data-testid=\"liveblog-entry\">\n<p>Trump: Bryr mig inte om ett avtal<\/p>\n<p>Trump: Bryr mig inte om ett avtal<\/p>\n<p class=\"css-1jbi0kr\">Under natten har de amerikanska attackerna mot Iran fortsatt. Enligt milit\u00e4rkommandot Centcom har USA slagit till mot iranskt luftf\u00f6rsvar, radarsystem och kommunikationsanl\u00e4ggningar. Iranska R\u00f6da halvm\u00e5nen uppger att minst fyra personer har d\u00f6dats och ett 50-tal skadats. <\/p>\n<p class=\"css-1jbi0kr\">Samtidigt har Iran svarat med att sl\u00e5 till mot amerikanska baser runt om i Mellan\u00f6stern, bland annat i Kuwait och Jordanien.<\/p>\n<p class=\"css-1jbi0kr\">P\u00e5 <a href=\"https:\/\/truthsocial.com\/@realDonaldTrump\/posts\/117198788283772326\" rel=\"noopener nofollow\" target=\"_blank\">Truth Social<\/a> skriver Donald Trump att han &#8221;inte bryr sig&#8221; om ifall Iran undertecknar ett avtal. <\/p>\n<p class=\"css-1jbi0kr\">&#8221;Jag gillar v\u00e5r nuvarande position mycket b\u00e4ttre, med n\u00e4stan total kontroll \u00f6ver Hormuzsundet och deras ekonomi i fullst\u00e4ndig kollaps&#8221;, skriver han. <\/p>\n<\/li>\n<li class=\"css-18rnhd extra-component-element\"\/>\n<li class=\"css-empaf4\" data-entry-tags=\"\" data-testid=\"liveblog-entry\">\n<p>Nytt fall av m\u00e4ssling i Uppsala<\/p>\n<p>Nytt fall av m\u00e4ssling i Uppsala<\/p>\n<p class=\"css-1jbi0kr\">M\u00e4sslingsutbrottet forts\u00e4tter att v\u00e4xa. Ytterligare ett fall har konstaterats i Region Uppsala efter festivalen Urkult i somras, rapporterar <a href=\"https:\/\/www.unt.se\/nyheter\/uppsala\/artikel\/forsta-fallet-av-massling-i-region-uppsala\/rex4p7yl\" rel=\"noopener nofollow\" target=\"_blank\">Uppsala Nya Tidning<\/a>.<\/p>\n<p class=\"css-1jbi0kr\">\u2013 Den h\u00e4r personen har blivit smittad av n\u00e5gon som var p\u00e5 festivalen, personen var sj\u00e4lv inte d\u00e4r, s\u00e4ger bitr\u00e4dande smittskyddsl\u00e4kare Anders Lindblom till tidningen.<\/p>\n<p class=\"css-1jbi0kr\">I <a href=\"https:\/\/www.folkhalsomyndigheten.se\/vara-amnesomraden\/sjukdomsutbrott\/massling-i-sverige-augusti-2026\/\" rel=\"noopener nofollow\" target=\"_blank\">Folkh\u00e4lsomyndighetens<\/a> senaste uppdatering har sammanlagt 36 fall med koppling till festivalen rapporterats i Sverige.<\/p>\n<\/li>\n<li class=\"css-18rnhd extra-component-element\"\/>\n<li class=\"css-empaf4\" data-entry-tags=\"\" data-testid=\"liveblog-entry\">\n<p>i g\u00e5r22.48<\/p>\n<p>Zelenskyj: \u201dRyskt luftrum i praktiken st\u00e4ngt\u201d<\/p>\n<p>Zelenskyj: \u201dRyskt luftrum i praktiken st\u00e4ngt\u201d<\/p>\n<p class=\"css-1jbi0kr\">Ryskt luftrum kommer att vara \u201di praktiken st\u00e4ngt\u201d beroende p\u00e5 ukrainska anfall med dr\u00f6nare. Det skriver Ukrainas president Volodymyr Zelenskyj i en <a href=\"https:\/\/t.me\/V_Zelenskiy_official\/20660\" rel=\"noopener nofollow\">Telegramkanal<\/a> p\u00e5 tisdagskv\u00e4llen. <\/p>\n<p class=\"css-1jbi0kr\">\u201dIdag vill vi varna alla flygbolag, alla f\u00f6rs\u00e4kringsbolagm alla som fortfarande anv\u00e4nder ryskt luftrum,\u201d skriver Zelenskyj och till\u00e4gger att civila flygbolag i sig inte \u00e4r ett ukrainskt m\u00e5l, men att anfallen mot Ryssland kommer att forts\u00e4tta.<\/p>\n<p class=\"css-1jbi0kr\">Hotet ber\u00f6r civila resen\u00e4rer och flygbolag indirekt, noterar tidningarna Kyiv Independent och Ukrainska Pravda.<\/p>\n<p class=\"css-1jbi0kr\">\u201dDet \u00e4r viktigt att de ber\u00f6rda flygbolagen, som f\u00f6r n\u00e4rvarande flyger till flygplatser fr\u00e4mst i Moskva, Sankt Petersburg och andra viktiga ryska destinationer, h\u00f6r detta,\u201d skriver presidenten.<\/p>\n<p class=\"css-1jbi0kr\">Rysslands president Vladimir Putin kallar utalandet fr\u00e5n Kiev f\u00f6r \u201dstatsterrorism,\u201d\u00a0rapporterar <a href=\"https:\/\/www.pravda.com.ua\/news\/2026\/09\/01\/8051426\/\" rel=\"noopener nofollow\" target=\"_blank\">Ukrainska Pravda<\/a>. <\/p>\n<p class=\"css-1jbi0kr\">Nyligen rapporterade SvD om uppgifter om en ukrainsk plan f\u00f6r att attackera flygplatser runt Moskva med AI-styrda dr\u00f6nare. <a href=\"https:\/\/www.svd.se\/a\/7p4Jo8\/expert-tidsfraga-innan-ai-dronare-satts-in\" rel=\"noopener nofollow\" target=\"_blank\">L\u00e4s mer h\u00e4r<\/a>.<\/p>\n<\/li>\n<li class=\"css-18rnhd extra-component-element\"\/>\n<li class=\"css-empaf4\" data-entry-tags=\"\" data-testid=\"liveblog-entry\">\n<p>Rekordv\u00e4rme i Storbritannien och Belgien<\/p>\n<p>Rekordv\u00e4rme i Storbritannien och Belgien<\/p>\n<p class=\"css-1jbi0kr\">B\u00e5de Storbritannien och Belgien har uppm\u00e4tt den varmaste sommaren sedan m\u00e4tningar inleddes, rapporterar TT.<\/p>\n<p class=\"css-1jbi0kr\">Medeltemperaturen i Storbritannien var 16,5 grad fr\u00e5n juni till augusti, enligt landets meteorologiska institut. Det tidigare rekordet var 16,1 grader.<\/p>\n<p class=\"css-1jbi0kr\">Belgiens referensstationen f\u00f6r temperaturm\u00e4tningar utanf\u00f6r Bryssel har i sin tur uppm\u00e4tt en medeltemperatur p\u00e5 20,3 grader \u2013 2,4 grader \u00f6ver medelnoteringen de senaste decennierna.<\/p>\n<\/li>\n<li class=\"css-18rnhd extra-component-element\"\/>\n<li class=\"css-empaf4\" data-entry-tags=\"\" data-testid=\"liveblog-entry\">\n<p>Sverige kallar upp ryska ambassad\u00f6ren<\/p>\n<p>Sverige kallar upp ryska ambassad\u00f6ren<\/p>\n<p class=\"css-1jbi0kr\">Det som h\u00e4nde i Tyskland hade kunnat f\u00e5 f\u00f6r\u00f6dande konsekvenser \u2013 och hade lika g\u00e4rna kunnat h\u00e4nda i alla andra l\u00e4nder som st\u00f6ttar Ukraina i kriget. Det s\u00e4ger statsminister Ulf Kristersson (M) p\u00e5 en presstr\u00e4ff, efter att Tyskland pekat ut Ryssland som ansvarig f\u00f6r dr\u00f6narincidenten i Leipzig.<\/p>\n<p class=\"css-1jbi0kr\">\u2013 \u00d6kningen av hybrida hot sker i takt med att Ryssland misslyckas med sina m\u00e5l i kriget i Ukraina, s\u00e4ger han.<\/p>\n<p class=\"css-1jbi0kr\">Han till\u00e4gger att de ryska hybridattackerna har \u00f6kat mot Europa den senaste tiden.<\/p>\n<p class=\"css-1jbi0kr\">\u2013 S\u00e4kerhetsl\u00e4get \u00e4r allvarligt, och det kan bli allvarligare, s\u00e4ger han och betonar vikten av att EU st\u00e5r enade.<\/p>\n<p class=\"css-1jbi0kr\">F\u00f6rsvarsminister P\u00e5l Jonson (M) s\u00e4ger att Moskva agerar allt mer \u201daggressivt och v\u00e5rdsl\u00f6st\u201d.<\/p>\n<p class=\"css-1jbi0kr\">\u2013 Ryssland agerar allt mer aggressivt och v\u00e5rdsl\u00f6st, s\u00e4ger han.<\/p>\n<p class=\"css-1jbi0kr\">Sverige kommer att kalla upp den ryska ambassad\u00f6ren och regeringen har kallat till ett extrainsatt m\u00f6te med nationella s\u00e4kerhetsr\u00e5det under onsdagsmorgonen.<\/p>\n<\/li>\n<li class=\"css-18rnhd extra-component-element\"\/>\n<li class=\"css-empaf4\" data-entry-tags=\"\" data-testid=\"liveblog-entry\">\n<p>Ytterligare tv\u00e5 m\u00e4sslingsfall uppt\u00e4ckta<\/p>\n<p>Ytterligare tv\u00e5 m\u00e4sslingsfall uppt\u00e4ckta<\/p>\n<p class=\"css-1jbi0kr\">Tv\u00e5 nya fall av m\u00e4ssling har konstaterats, ett i Uppsala och ett i Ume\u00e5. Det rapporterar P4 Uppland respektive P4 V\u00e4sterbotten.<\/p>\n<p class=\"css-1jbi0kr\">Ingen av de tv\u00e5 som har insjuknat var sj\u00e4lva p\u00e5 festivalen Urkult, d\u00e4r utbrottet startade, men tros ha smittats av festivalbes\u00f6kare. <\/p>\n<p class=\"css-1jbi0kr\">Folkh\u00e4lsomyndigheten bed\u00f6mer m\u00e4sslingsutbrottet fortsatt som aktivt och totalt har \u00f6ver 30 fall rapporterats. <\/p>\n<p class=\"css-1jbi0kr\">De flesta som smittats \u00e4r barn och ovaccinerade. <\/p>\n<\/li>\n<li class=\"css-18rnhd extra-component-element\"\/><\/ul>\n<p>Visa fler inl\u00e4gg<\/p>\n","protected":false},"excerpt":{"rendered":"Senaste nyheterna Jonatan Westerlind 11.03 H\u00e4ngde ut sexualbrottslingar \u2013 d\u00f6ms div{font-family:&#8217;Sueca Text&#8217;,georgia,serif;font-style:normal;font-weight:normal;font-size:16px;line-height:1.5;margin-top:0;margin-bottom:16px;}@media screen and (min-width: 25em){.css-17ptz6b >div{font-size:17px;}}@media screen&hellip;\n","protected":false},"author":2,"featured_media":362235,"comment_status":"","ping_status":"","sticky":false,"template":"","format":"standard","meta":{"footnotes":"","_share_on_mastodon":"0"},"categories":[12],"tags":[22,23,26,27,17,21,24,25,28,29,15,16,18,34,31,33,32,30,19,20],"class_list":["post-362234","post","type-post","status-publish","format-standard","has-post-thumbnail","category-sverige","tag-breaking-news","tag-breakingnews","tag-featured-news","tag-featurednews","tag-headlines","tag-huvudnyheter","tag-latest-news","tag-latestnews","tag-main-news","tag-mainnews","tag-news","tag-nyheter","tag-rubriker","tag-se","tag-svenska","tag-sverige","tag-sweden","tag-swedish","tag-top-stories","tag-topstories"],"share_on_mastodon":{"url":"https:\/\/pubeurope.com\/@se\/117200828751358896","error":""},"_links":{"self":[{"href":"https:\/\/www.europesays.com\/se\/wp-json\/wp\/v2\/posts\/362234","targetHints":{"allow":["GET"]}}],"collection":[{"href":"https:\/\/www.europesays.com\/se\/wp-json\/wp\/v2\/posts"}],"about":[{"href":"https:\/\/www.europesays.com\/se\/wp-json\/wp\/v2\/types\/post"}],"author":[{"embeddable":true,"href":"https:\/\/www.europesays.com\/se\/wp-json\/wp\/v2\/users\/2"}],"replies":[{"embeddable":true,"href":"https:\/\/www.europesays.com\/se\/wp-json\/wp\/v2\/comments?post=362234"}],"version-history":[{"count":0,"href":"https:\/\/www.europesays.com\/se\/wp-json\/wp\/v2\/posts\/362234\/revisions"}],"wp:featuredmedia":[{"embeddable":true,"href":"https:\/\/www.europesays.com\/se\/wp-json\/wp\/v2\/media\/362235"}],"wp:attachment":[{"href":"https:\/\/www.europesays.com\/se\/wp-json\/wp\/v2\/media?parent=362234"}],"wp:term":[{"taxonomy":"category","embeddable":true,"href":"https:\/\/www.europesays.com\/se\/wp-json\/wp\/v2\/categories?post=362234"},{"taxonomy":"post_tag","embeddable":true,"href":"https:\/\/www.europesays.com\/se\/wp-json\/wp\/v2\/tags?post=362234"}],"curies":[{"name":"wp","href":"https:\/\/api.w.org\/{rel}","templated":true}]}}