{"id":362246,"date":"2026-09-02T10:00:36","date_gmt":"2026-09-02T10:00:36","guid":{"rendered":"https:\/\/www.europesays.com\/se\/362246\/"},"modified":"2026-09-02T10:00:36","modified_gmt":"2026-09-02T10:00:36","slug":"skarpa-s-uppmaningen-till-v-slapp-onskelistan","status":"publish","type":"post","link":"https:\/\/www.europesays.com\/se\/362246\/","title":{"rendered":"Skarpa S-uppmaningen till V: \u201dSl\u00e4pp \u00f6nskelistan\u201d"},"content":{"rendered":"<p>   Anklagas f\u00f6r att sabotera: \u201dS \u00e4r desperata\u201d<a class=\"_link_1lr5y_108\" href=\"https:\/\/aftonbladet.se\/av\/anna-sjogren\" title=\"Anna Sj\u00f6gren\" rel=\"nofollow noopener\" target=\"_blank\"><img alt=\"Bild av Anna Sj\u00f6gren\" class=\"_image_1lr5y_85\" fetchpriority=\"low\" decoding=\"async\" itemprop=\"image\" loading=\"lazy\"  src=\"https:\/\/www.europesays.com\/se\/wp-content\/uploads\/2026\/09\/fa39691c-4075-4329-a10a-f5aaf3ded9f9.png\"  width=\"480\"\/><\/a> <img alt=\"Lawen Redar, integrationspolitisk talesperson f\u00f6r S, tycker att V\u00e4nsterpartiet ska sl\u00e4ppa sitt regeringskrav.\" class=\"_image_1jxax_84 layout-component layout-wide\" data-fullscreen- data-track-element-type=\"Article image fullscreen\" data-track-name=\"ImageFullscreen\" fetchpriority=\"high\" decoding=\"sync\" loading=\"eager\" height=\"5361\" itemprop=\"image\"  src=\"https:\/\/www.europesays.com\/se\/wp-content\/uploads\/2026\/09\/3bf23d76-ea01-35c9-a157-18f8e955eed4.jpeg\"  style=\"object-position:0% 0%\" width=\"8037\"\/>Lawen Redar (S).  Foto: Lotte FernvallVisa mer<\/p>\n<p class=\"_textTheme_4io5p_1 _lead_16k26_2 _lead_3ue4t_18 layout-component layout-normal layout-padded _lead_o6m9k_5 _leadTheme_cypwp_1 body-large bold\">Det finns inget f\u00f6rtroende f\u00f6r V\u00e4nsterpartiet i en regering. <\/p>\n<p class=\"_textTheme_4io5p_1 _lead_16k26_2 _lead_3ue4t_18 layout-component layout-normal layout-padded _lead_o6m9k_5 _leadTheme_cypwp_1 body-large bold\">Det s\u00e4ger Lawen Redar, integrationspolitisk talesperson f\u00f6r Socialdemokraterna. <\/p>\n<p class=\"_textTheme_4io5p_1 _lead_16k26_2 _lead_3ue4t_18 layout-component layout-normal layout-padded _lead_o6m9k_5 _leadTheme_cypwp_1 body-large bold\">\u2013 De m\u00e5ste sl\u00e4ppa sin \u00f6nskelista, s\u00e4ger hon. <\/p>\n<p>Sammanfattningen \u00e4r skapad med artificiell intelligens och kvalitetss\u00e4krad av Aftonbladets journalister.<\/p>\n<ul class=\"_list_16k26_3 _list_tj395_103 _unordered_16k26_103 _textTheme_4io5p_1 body-small\">\n<li class=\"_item_16k26_63\">Lawen Redar fr\u00e5n Socialdemokraterna kritiserar V\u00e4nsterpartiets krav p\u00e5 ministerposter, vilket hon menar saboterar valr\u00f6relsen f\u00f6r de r\u00f6dgr\u00f6na och underk\u00e4nner partiet som regeringsdugligt.<\/li>\n<li class=\"_item_16k26_63\">Redar betonar vikten av att V\u00e4nsterpartiet sl\u00e4pper sina krav och ist\u00e4llet fokuserar p\u00e5 politiska resultat, d\u00e5 deras trov\u00e4rdighet som regeringsparti \u00e4r l\u00e5g p\u00e5 grund av interna skandaler.<\/li>\n<li class=\"_item_16k26_63\">Trots kritik mot V\u00e4nsterpartiets h\u00e5llning anser Redar att samarbete \u00e4r m\u00f6jligt i politiska fr\u00e5gor, men hon argumenterar f\u00f6r att v\u00e4ljarst\u00f6d borde riktas till Socialdemokraterna f\u00f6r en tydlig v\u00e4nsterpolitik.<\/li>\n<\/ul>\n<p>L\u00e4s mer  <\/p>\n<p class=\"_textTheme_4io5p_1 _paragraph_16k26_4 _paragraph_3ue4t_27 layout-component layout-normal layout-padded body-medium\">V\u00e4nsterpartiets krav p\u00e5 ministerposter f\u00f6r att sl\u00e4ppa fram en S-ledd regering saboterar valr\u00f6relsen f\u00f6r de r\u00f6dgr\u00f6na, menar Lawen Redar. <\/p>\n<p class=\"_textTheme_4io5p_1 _paragraph_16k26_4 _paragraph_3ue4t_27 layout-component layout-normal layout-padded body-medium\">S-toppen \u00e4r ute f\u00f6r att m\u00f6ta v\u00e4ljare och knacka d\u00f6rr i valspurten och s\u00e4ger att de v\u00e4ljare hon m\u00f6ter som vill se en ny riktning f\u00f6r Sverige och ett maktskifte h\u00e5ller med henne. <\/p>\n<p class=\"_textTheme_4io5p_1 _paragraph_16k26_4 _paragraph_3ue4t_27 layout-component layout-normal layout-padded body-medium\">Under de senaste m\u00e5naderna har det kommit flera avsl\u00f6janden om antisemitism och st\u00f6d till terrorister fr\u00e5n v\u00e4nsterpartistiska f\u00f6retr\u00e4dare. Lawen Rader tar upp interna stridigheter och \u00e5terkommande avsl\u00f6janden om bristande omd\u00f6me, s\u00e5 som brev till terrord\u00f6mda, och att det bidragit till s\u00e4nka f\u00f6rtroendet f\u00f6r V som regeringsdugligt.<\/p>\n<p class=\"_textTheme_4io5p_1 _paragraph_16k26_4 _paragraph_3ue4t_27 layout-component layout-normal layout-padded body-medium\">\u2013  Jag har ju trott mer om V\u00e4nsterpartiet men de som fr\u00e4mst har bidragit till att\u00a0underk\u00e4nna V\u00e4nsterpartiet som ministerkandidater \u00e4r faktiskt de sj\u00e4lva. Det finns inget f\u00f6rtroende f\u00f6r dem i regering. Jag m\u00f6ter det h\u00e4r tydligt n\u00e4r jag \u00e4r ute och d\u00f6rrknackar och samtalar med v\u00e4ljare.<\/p>\n<p> <img alt=\"Valaffisherna h\u00e4nger sida vid sida. Men partiernas relation \u00e4r inte lika n\u00e4ra.\" class=\"_image_1jxax_84 layout-component layout-normal\" data-fullscreen- data-track-element-type=\"Article image fullscreen\" data-track-name=\"ImageFullscreen\" decoding=\"async\" loading=\"lazy\" height=\"3712\" itemprop=\"image\"  src=\"https:\/\/www.europesays.com\/se\/wp-content\/uploads\/2026\/09\/3e4a783e-6034-3264-8a97-b83d5ccbf34b.jpeg\"  style=\"object-position:0% 0%\" width=\"5568\"\/>Valaffisherna h\u00e4nger sida vid sida. Men partiernas relation \u00e4r inte lika n\u00e4ra. Foto: Viktoria Bank\/TTVisa mer \u201dM\u00e5ste st\u00e4rka sitt f\u00f6rtroende\u201d <\/p>\n<p class=\"_textTheme_4io5p_1 _paragraph_16k26_4 _paragraph_3ue4t_27 layout-component layout-normal layout-padded body-medium\">Hon uppmanar V att sl\u00e4ppa sin \u201d\u00f6nskelista\u201d och ist\u00e4llet fokusera p\u00e5 vilka resultat man vill ha. Lawen Redar menar att S och V b\u00e5de tidigare och nu kan samarbeta i m\u00e5nga fr\u00e5gor. Hon n\u00e4mner f\u00f6rslaget om en arbetarpension, slopat karensavdrag och att s\u00e4nka kostnaderna f\u00f6r mediciner. <\/p>\n<p class=\"_textTheme_4io5p_1 _paragraph_16k26_4 _paragraph_3ue4t_27 layout-component layout-normal layout-padded body-medium\">\u2013 Men det Dadgostar uttrycker med de h\u00e4r l\u00e5sningarna\u00a0det \u00e4r att hon \u00e4r beredd att f\u00e4lla Magdalena Andersson och ist\u00e4llet ge Sverige en h\u00f6gerradikal regering d\u00e4r mer \u00e4n h\u00e4lften \u00e4r sverigedemokratiska ministrar. Det \u00e4r f\u00f6r mig sv\u00e5rt att f\u00f6rst\u00e5. <\/p>\n<p class=\"_textTheme_4io5p_1 _paragraph_16k26_4 _paragraph_3ue4t_27 layout-component layout-normal layout-padded body-medium\"><strong class=\"_strong_16k26_20\">\u00c4r det inte rimligt att V\u00e4nsterpartiet vill sitta med i regering som andra partier som vill ha inflytande och makt \u00f6ver politiken? <\/strong><\/p>\n<p class=\"_textTheme_4io5p_1 _paragraph_16k26_4 _paragraph_3ue4t_27 layout-component layout-normal layout-padded body-medium\">\u2013 Jo men d\u00e5 m\u00e5ste V\u00e4nsterpartiet st\u00e4rka sitt f\u00f6rtroende hos svenska folket. Och det har de faktiskt misslyckats med under den h\u00e4r mandatperioden. Fokus har varit ministerposter framf\u00f6r reformer.<\/p>\n<p class=\"_textTheme_4io5p_1 _paragraph_16k26_4 _paragraph_3ue4t_27 layout-component layout-normal layout-padded body-medium\"><strong class=\"_strong_16k26_20\">Centerpartiet har ju ocks\u00e5 satt upp en tydlig r\u00f6d linje och kommer inte st\u00f6tta en regering d\u00e4r V\u00e4nsterpartiet ing\u00e5r. \u00c4r det inte lika problematiskt?<\/strong> <\/p>\n<p class=\"_textTheme_4io5p_1 _paragraph_16k26_4 _paragraph_3ue4t_27 layout-component layout-normal layout-padded body-medium\">\u2013 Just d\u00e4rf\u00f6r m\u00e5ste ju v\u00e4ljare till v\u00e4nster nu ge sitt st\u00f6d till Magdalena Andersson eftersom Nooshi Dadgostar s\u00e4ger att hon kommer att f\u00e4lla henne. D\u00e5 blir det inget av slopat karensavdrag, h\u00f6jda pensioner eller mer till v\u00e4lf\u00e4rden.<\/p>\n<p> <img alt=\"Nooshi Dadgostar kr\u00e4ver ministerposter i en r\u00f6d regering.\" class=\"_image_1jxax_84 layout-component layout-normal\" data-fullscreen- data-track-element-type=\"Article image fullscreen\" data-track-name=\"ImageFullscreen\" decoding=\"async\" loading=\"lazy\" height=\"3416\" itemprop=\"image\"  src=\"https:\/\/www.europesays.com\/se\/wp-content\/uploads\/2026\/09\/7a426ae5-e174-32a4-95cb-d6bf0057dec6.jpeg\"  style=\"object-position:0% 0%\" width=\"5120\"\/>Nooshi Dadgostar kr\u00e4ver ministerposter i en r\u00f6d regering. Foto: Claudio Bresciani\/TTVisa mer V:s svar: \u201dAlltmer desperata\u201d <\/p>\n<p class=\"_textTheme_4io5p_1 _paragraph_16k26_4 _paragraph_3ue4t_27 layout-component layout-normal layout-padded body-medium\">Nooshi Dadgostar har \u00e5 sin sida varnat f\u00f6r att Socialdemokraterna kommer att g\u00e5 h\u00f6gerut vid en valvinst och att v\u00e4ljare som vill se en tydlig v\u00e4nstergir ska r\u00f6sta p\u00e5 V\u00e4nsterpartiet. <\/p>\n<p class=\"_textTheme_4io5p_1 _paragraph_16k26_4 _paragraph_3ue4t_27 layout-component layout-normal layout-padded body-medium\"><strong class=\"_strong_16k26_20\">\u00c4r ni oroliga att V\u00e4nsterpartiet ska ta v\u00e4ljare fr\u00e5n er? <\/strong><\/p>\n<p class=\"_textTheme_4io5p_1 _paragraph_16k26_4 _paragraph_3ue4t_27 layout-component layout-normal layout-padded body-medium\">\u2013 Nej, allts\u00e5 s\u00e5 h\u00e4r ligger det till. Vill man ha en mer v\u00e4nsterorienterad ekonomisk politik, ja d\u00e5 \u00e4r det r\u00f6st p\u00e5 Socialdemokraterna som g\u00e4ller. Det finns v\u00e4l ingenting h\u00f6ger i ett slopat karensavdrag. St\u00e4rkta resurser och indexering av resurser till v\u00e4lf\u00e4rden. Att vi vill h\u00f6ja pensioner, h\u00f6ja barnbidrag och studiebidraget. Det \u00e4r ju en ekonomisk politik f\u00f6r vanligt folk vi driver. Och d\u00e4r menar vi att samarbete med V\u00e4nsterpartiet \u00e4r m\u00f6jligt. <\/p>\n<p class=\"_textTheme_4io5p_1 _paragraph_16k26_4 _paragraph_3ue4t_27 layout-component layout-normal layout-padded body-medium\">Ida Gabrielsson, ekonomisk-politisk talesperson f\u00f6r V\u00e4nsterpartiet, kallar Socialdemokraterna f\u00f6r desperata. <\/p>\n<p class=\"_textTheme_4io5p_1 _paragraph_16k26_4 _paragraph_3ue4t_27 layout-component layout-normal layout-padded body-medium\">\u201dDet g\u00e5r inte att bedriva v\u00e4nsterpolitik eller socialdemokratisk politik tillsammans med C och KD. Det har blivit en sj\u00e4lvklarhet f\u00f6r allt fler v\u00e4nsterv\u00e4ljare, och just d\u00e4rf\u00f6r har S blivit alltmer desperata och gripit till politiska angrepp f\u00f6r att vinna tillbaka de gr\u00e4sr\u00f6tter som \u00f6verger partiet f\u00f6r V\u00e4nsterpartiet. En betydligt b\u00e4ttre strategi vore att tala om f\u00f6r v\u00e4ljarna att man vill leda en v\u00e4nsterregering, \u00a0inte en h\u00f6gerregering tillsammans med C och KD.\u201d<\/p>\n","protected":false},"excerpt":{"rendered":"Anklagas f\u00f6r att sabotera: \u201dS \u00e4r desperata\u201d Lawen Redar (S). Foto: Lotte FernvallVisa mer Det finns inget f\u00f6rtroende&hellip;\n","protected":false},"author":2,"featured_media":362247,"comment_status":"","ping_status":"","sticky":false,"template":"","format":"standard","meta":{"footnotes":"","_share_on_mastodon":"0"},"categories":[12],"tags":[22,23,26,27,17,21,24,25,3757,28,29,15,16,18,34,1557,31,33,32,30,19,20,15652,1406],"class_list":["post-362246","post","type-post","status-publish","format-standard","has-post-thumbnail","category-sverige","tag-breaking-news","tag-breakingnews","tag-featured-news","tag-featurednews","tag-headlines","tag-huvudnyheter","tag-latest-news","tag-latestnews","tag-lawen-redar","tag-main-news","tag-mainnews","tag-news","tag-nyheter","tag-rubriker","tag-se","tag-socialdemokraterna","tag-svenska","tag-sverige","tag-sweden","tag-swedish","tag-top-stories","tag-topstories","tag-valet","tag-vansterpartiet"],"share_on_mastodon":{"url":"https:\/\/pubeurope.com\/@se\/117200868801687295","error":""},"_links":{"self":[{"href":"https:\/\/www.europesays.com\/se\/wp-json\/wp\/v2\/posts\/362246","targetHints":{"allow":["GET"]}}],"collection":[{"href":"https:\/\/www.europesays.com\/se\/wp-json\/wp\/v2\/posts"}],"about":[{"href":"https:\/\/www.europesays.com\/se\/wp-json\/wp\/v2\/types\/post"}],"author":[{"embeddable":true,"href":"https:\/\/www.europesays.com\/se\/wp-json\/wp\/v2\/users\/2"}],"replies":[{"embeddable":true,"href":"https:\/\/www.europesays.com\/se\/wp-json\/wp\/v2\/comments?post=362246"}],"version-history":[{"count":0,"href":"https:\/\/www.europesays.com\/se\/wp-json\/wp\/v2\/posts\/362246\/revisions"}],"wp:featuredmedia":[{"embeddable":true,"href":"https:\/\/www.europesays.com\/se\/wp-json\/wp\/v2\/media\/362247"}],"wp:attachment":[{"href":"https:\/\/www.europesays.com\/se\/wp-json\/wp\/v2\/media?parent=362246"}],"wp:term":[{"taxonomy":"category","embeddable":true,"href":"https:\/\/www.europesays.com\/se\/wp-json\/wp\/v2\/categories?post=362246"},{"taxonomy":"post_tag","embeddable":true,"href":"https:\/\/www.europesays.com\/se\/wp-json\/wp\/v2\/tags?post=362246"}],"curies":[{"name":"wp","href":"https:\/\/api.w.org\/{rel}","templated":true}]}}