{"id":362258,"date":"2026-09-02T10:08:12","date_gmt":"2026-09-02T10:08:12","guid":{"rendered":"https:\/\/www.europesays.com\/se\/362258\/"},"modified":"2026-09-02T10:08:12","modified_gmt":"2026-09-02T10:08:12","slug":"katrineholm-klattrar-i-rankingen-sveriges-friluftskommun-katrineholm-se","status":"publish","type":"post","link":"https:\/\/www.europesays.com\/se\/362258\/","title":{"rendered":"Katrineholm kl\u00e4ttrar i rankingen Sveriges Friluftskommun &#8211; katrineholm.se"},"content":{"rendered":"<ol>\n<li><a href=\"https:\/\/news.google.com\/rss\/articles\/CBMi_AFBVV95cUxPSTZaMkFpRXZTd2tJNTVLVDRsM3pTTHNtVE14M1JCY3ZWWEIwWGVYbXJsQnNsSVBZbWlPZWVsYjhhWV9iT1ZLek1hVFJILVBYNVpWNjNWYWYtNk4xaW5UdzVUNUF2NUpuLVZMZThja1pVLXRHZ2lMYUk4QmRDcGFMNjdFUmQxM0o1WVNTRjNKdzVQUF91V2FvTXQ1cTB6VmFFNUpsQ2FoRWFaQ25DbGt1bkh3d3FNenotLVRtaGJSSDhTWDIyMDhUem1wZktLMVYxRldPU1hwZzlnQ0UxOV9lMno3ZGtxYjRZMGxyelJfNjN2ZTJLWkRhVlZnUno?oc=5\" target=\"_blank\" rel=\"nofollow noopener\">Katrineholm kl\u00e4ttrar i rankingen Sveriges Friluftskommun<\/a>&nbsp;&nbsp;katrineholm.se<\/li>\n<li><a href=\"https:\/\/news.google.com\/rss\/articles\/CBMitgFBVV95cUxOb1h2QjBKbXJfX0hXenZBM092QzhvZ0hqUnMwVEZQR0E2eFZPOW03TlR5WFNOM0ZmR0VianRENExZLWEwd1pmc3h6RU1wUnQ1M0JMVE13bUwwd1M1R3dubWZ3WGxsbWFRVUpPVkhMZDV1Q3lFWFVpMWtvc2V3Qk8yR1Q3U3VtT19ZSnVBaGN4N2NKWWxNMkVmNXRmbE4tT1MwOHJkY3ZTTnpxN0JCTGxqNGRCRHpDQQ?oc=5\" target=\"_blank\" rel=\"nofollow noopener\">Allt f\u00e4rre barn vistas ute i naturen \u2013 men fyra kommuner i Dalsland har en plan<\/a>&nbsp;&nbsp;dalslanningen.se<\/li>\n<li><a href=\"https:\/\/news.google.com\/rss\/articles\/CBMisgFBVV95cUxPSEZHQ2VHYzNCU1RpNGE3UXZZcF9NZTh0bFhzc05JM21TUWc0YndZcENFV21LVTByTTNTZUNHWDZnT1h5cHRZYTY0WXhGcFc3QXltaUdlVzZtZXI2Z2c5NWJmc3k5YTdiU0tnU3JDY29lNjVFcVY4Q2QzV1dtZklsWVVwY1RrbHlLM3NyUFd1dE5STDdRbjRmRzRZNWpSN2w5UWo0b0thMG5zdnRrSHVQVVpR?oc=5\" target=\"_blank\" rel=\"nofollow noopener\">\u00c4lmhult f\u00e5r fortsatt h\u00f6gt betyg som friluftskommun<\/a>&nbsp;&nbsp;almhult.se<\/li>\n<li><a href=\"https:\/\/news.google.com\/rss\/articles\/CBMimAFBVV95cUxNMVV6Rk8tZmZ1d2xrMUJRUl9DZ3pyZTBBejdDWFJjWGVqU0p6TnlqY1ltOXhDRzliWDZMZjVnTXlDTXNiSERtLXJIWWpZQkZjQ2RIdkhFVkRNQV9VZUNPdkJBaDB6bVNQSFB0NTNOS2ZFUHZGVDdTYjNISzc2cmtGT1FLLVNMNE9Ma0lpaDY5YVRHXy1GcUx4ZQ?oc=5\" target=\"_blank\" rel=\"nofollow noopener\">S\u00e5 kan regeringen stimulera friluftsliv i \u00d6rebro l\u00e4ns kommuner<\/a>&nbsp;&nbsp;\u00d6rebronyheter<\/li>\n<li><a href=\"https:\/\/news.google.com\/rss\/articles\/CBMimwFBVV95cUxOQ095RHF1U0tKWHRzb2ZKZG51b0xvMllOQTVjY0xvX1d2OE96Y2hER3o2N0JyMWhpbTg4YWt4RkxQNU5qUUFReDR2OGswM0pNTnFpNHhzZ3RYakh6cFJzZnlFS3Q3aEZwdW9Cem00TGg4ZjhTdXdETDVxa1EwSlJKb21qbm0wUlJkNEhKTm9xVEpEZlF1XzFIVmRmdw?oc=5\" target=\"_blank\" rel=\"nofollow noopener\">Sundsvall \u00e4r \u00e5rets friluftskommun \u2013 f\u00f6r tredje g\u00e5ngen<\/a>&nbsp;&nbsp;sverigesradio.se<\/li>\n<\/ol>\n","protected":false},"excerpt":{"rendered":"Katrineholm kl\u00e4ttrar i rankingen Sveriges Friluftskommun&nbsp;&nbsp;katrineholm.se Allt f\u00e4rre barn vistas ute i naturen \u2013 men fyra kommuner i&hellip;\n","protected":false},"author":2,"featured_media":362259,"comment_status":"","ping_status":"","sticky":false,"template":"","format":"standard","meta":{"footnotes":"","_share_on_mastodon":"0"},"categories":[12],"tags":[22,23,26,27,17,21,24,25,28,29,15,16,18,34,31,33,32,30,19,20],"class_list":["post-362258","post","type-post","status-publish","format-standard","has-post-thumbnail","category-sverige","tag-breaking-news","tag-breakingnews","tag-featured-news","tag-featurednews","tag-headlines","tag-huvudnyheter","tag-latest-news","tag-latestnews","tag-main-news","tag-mainnews","tag-news","tag-nyheter","tag-rubriker","tag-se","tag-svenska","tag-sverige","tag-sweden","tag-swedish","tag-top-stories","tag-topstories"],"share_on_mastodon":{"url":"https:\/\/pubeurope.com\/@se\/117200899771823830","error":""},"_links":{"self":[{"href":"https:\/\/www.europesays.com\/se\/wp-json\/wp\/v2\/posts\/362258","targetHints":{"allow":["GET"]}}],"collection":[{"href":"https:\/\/www.europesays.com\/se\/wp-json\/wp\/v2\/posts"}],"about":[{"href":"https:\/\/www.europesays.com\/se\/wp-json\/wp\/v2\/types\/post"}],"author":[{"embeddable":true,"href":"https:\/\/www.europesays.com\/se\/wp-json\/wp\/v2\/users\/2"}],"replies":[{"embeddable":true,"href":"https:\/\/www.europesays.com\/se\/wp-json\/wp\/v2\/comments?post=362258"}],"version-history":[{"count":0,"href":"https:\/\/www.europesays.com\/se\/wp-json\/wp\/v2\/posts\/362258\/revisions"}],"wp:featuredmedia":[{"embeddable":true,"href":"https:\/\/www.europesays.com\/se\/wp-json\/wp\/v2\/media\/362259"}],"wp:attachment":[{"href":"https:\/\/www.europesays.com\/se\/wp-json\/wp\/v2\/media?parent=362258"}],"wp:term":[{"taxonomy":"category","embeddable":true,"href":"https:\/\/www.europesays.com\/se\/wp-json\/wp\/v2\/categories?post=362258"},{"taxonomy":"post_tag","embeddable":true,"href":"https:\/\/www.europesays.com\/se\/wp-json\/wp\/v2\/tags?post=362258"}],"curies":[{"name":"wp","href":"https:\/\/api.w.org\/{rel}","templated":true}]}}