{"id":362268,"date":"2026-09-02T10:16:10","date_gmt":"2026-09-02T10:16:10","guid":{"rendered":"https:\/\/www.europesays.com\/se\/362268\/"},"modified":"2026-09-02T10:16:10","modified_gmt":"2026-09-02T10:16:10","slug":"hangde-ut-sexualbrottslingar-doms-for-fortal","status":"publish","type":"post","link":"https:\/\/www.europesays.com\/se\/362268\/","title":{"rendered":"H\u00e4ngde ut sexualbrottslingar \u2013 d\u00f6ms f\u00f6r f\u00f6rtal"},"content":{"rendered":"<p>Mannen har i inl\u00e4gg p\u00e5 Facebook och Instagram lagt ut bilder, namn och bostadsort p\u00e5 fem d\u00f6mda sexualf\u00f6rbrytare. Tingsr\u00e4tten anser inte att mannen har haft n\u00e5gon skyldighet att publicera inl\u00e4ggen och d\u00f6mer honom d\u00e4rf\u00f6r f\u00f6r grovt f\u00f6rtal.<\/p>\n<p>Mannen har erk\u00e4nt att han publicerat inl\u00e4ggen men menar att det har varit f\u00f6rsvarligt och att han d\u00e4rf\u00f6r inte ska d\u00f6mas f\u00f6r f\u00f6rtal. Han har uppgett att han velat informera m\u00e4nniskor om m\u00e5ls\u00e4gandena och brott de d\u00f6mts f\u00f6r, samt \u00e4ven \u00e5stadkomma lag\u00e4ndringar p\u00e5 f\u00f6rtalsomr\u00e5det.<\/p>\n<p><strong>Det har under l\u00e5ng tid<\/strong> debatterats huruvida det ska vara olagligt att varna andra f\u00f6r personer som beg\u00e5tt exempelvis sexuella \u00f6vergrepp och den nu d\u00f6mda aktivisten har f\u00e5tt st\u00f6d fr\u00e5n flera politiker. I somras meddelade regeringen att efn kommitt\u00e9 tillsatts f\u00f6r att se \u00f6ver f\u00f6rtalslagstiftningen.<\/p>\n<p>\u201dDet \u00e4r inte rimligt att du ska d\u00f6mas f\u00f6r f\u00f6rtal om du till exempel varnar dina grannar f\u00f6r en d\u00f6md v\u00e5ldt\u00e4ktsman eller pedofil som flyttar in i omr\u00e5det\u201d, sade justitieminister Gunnar Str\u00f6mmer (M) i ett pressmeddelande.<\/p>\n<p>Aktivisten ska \u00e4ven betala skadest\u00e5nd till m\u00e5ls\u00e4gandena.<\/p>\n","protected":false},"excerpt":{"rendered":"Mannen har i inl\u00e4gg p\u00e5 Facebook och Instagram lagt ut bilder, namn och bostadsort p\u00e5 fem d\u00f6mda sexualf\u00f6rbrytare.&hellip;\n","protected":false},"author":2,"featured_media":362269,"comment_status":"","ping_status":"","sticky":false,"template":"","format":"standard","meta":{"footnotes":"","_share_on_mastodon":"0"},"categories":[12],"tags":[22,23,26,27,17,21,24,25,28,29,15,16,18,34,31,33,32,30,19,20],"class_list":["post-362268","post","type-post","status-publish","format-standard","has-post-thumbnail","category-sverige","tag-breaking-news","tag-breakingnews","tag-featured-news","tag-featurednews","tag-headlines","tag-huvudnyheter","tag-latest-news","tag-latestnews","tag-main-news","tag-mainnews","tag-news","tag-nyheter","tag-rubriker","tag-se","tag-svenska","tag-sverige","tag-sweden","tag-swedish","tag-top-stories","tag-topstories"],"share_on_mastodon":{"url":"https:\/\/pubeurope.com\/@se\/117200931416886002","error":""},"_links":{"self":[{"href":"https:\/\/www.europesays.com\/se\/wp-json\/wp\/v2\/posts\/362268","targetHints":{"allow":["GET"]}}],"collection":[{"href":"https:\/\/www.europesays.com\/se\/wp-json\/wp\/v2\/posts"}],"about":[{"href":"https:\/\/www.europesays.com\/se\/wp-json\/wp\/v2\/types\/post"}],"author":[{"embeddable":true,"href":"https:\/\/www.europesays.com\/se\/wp-json\/wp\/v2\/users\/2"}],"replies":[{"embeddable":true,"href":"https:\/\/www.europesays.com\/se\/wp-json\/wp\/v2\/comments?post=362268"}],"version-history":[{"count":0,"href":"https:\/\/www.europesays.com\/se\/wp-json\/wp\/v2\/posts\/362268\/revisions"}],"wp:featuredmedia":[{"embeddable":true,"href":"https:\/\/www.europesays.com\/se\/wp-json\/wp\/v2\/media\/362269"}],"wp:attachment":[{"href":"https:\/\/www.europesays.com\/se\/wp-json\/wp\/v2\/media?parent=362268"}],"wp:term":[{"taxonomy":"category","embeddable":true,"href":"https:\/\/www.europesays.com\/se\/wp-json\/wp\/v2\/categories?post=362268"},{"taxonomy":"post_tag","embeddable":true,"href":"https:\/\/www.europesays.com\/se\/wp-json\/wp\/v2\/tags?post=362268"}],"curies":[{"name":"wp","href":"https:\/\/api.w.org\/{rel}","templated":true}]}}