{"id":362280,"date":"2026-09-02T10:24:26","date_gmt":"2026-09-02T10:24:26","guid":{"rendered":"https:\/\/www.europesays.com\/se\/362280\/"},"modified":"2026-09-02T10:24:26","modified_gmt":"2026-09-02T10:24:26","slug":"misstankte-20-aringen-domd-for-misshandel-sparkar-mot-bakhuvudet-nya-wermlands-tidningen","status":"publish","type":"post","link":"https:\/\/www.europesays.com\/se\/362280\/","title":{"rendered":"Misst\u00e4nkte 20-\u00e5ringen d\u00f6md f\u00f6r misshandel: \u201dSparkar mot bakhuvudet\u201d \u2013 Nya Wermlands-Tidningen"},"content":{"rendered":"<p>De tv\u00e5 v\u00e4nnerna misst\u00e4nks ha slagit ihj\u00e4l mannen i Karlstad.<\/p>\n<p>Nu kan NWT avsl\u00f6ja att en av v\u00e4nnerna d\u00f6mdes tidigare i \u00e5r \u2013 f\u00f6r en n\u00e4stan exakt likadan misshandel i Trollh\u00e4ttan.<\/p>\n<p>\u2013 Jag ligger p\u00e5 backen och dom sparkar p\u00e5 ryggen och bakhuvudet flera g\u00e5nger, s\u00e4ger den misshandlade mannen i f\u00f6rh\u00f6r.<\/p>\n<p>Det var vid valborg f\u00f6rra \u00e5ret som den i dag 20-\u00e5rige mannen var ute med kompisar i Trollh\u00e4ttan.<\/p>\n<p>Tekniskt fel<\/p>\n<p class=\"message__text txt-ui txt-ui-2\">V\u00e4nligen f\u00f6rs\u00f6k igen senare.<\/p>\n<p>Den h\u00e4r artikeln \u00e4r bara f\u00f6r prenumeranter<\/p>\n<p class=\"txt-body txt-body-1\">Om du redan \u00e4r prenumerant: logga in!<\/p>\n","protected":false},"excerpt":{"rendered":"De tv\u00e5 v\u00e4nnerna misst\u00e4nks ha slagit ihj\u00e4l mannen i Karlstad. Nu kan NWT avsl\u00f6ja att en av v\u00e4nnerna&hellip;\n","protected":false},"author":2,"featured_media":362281,"comment_status":"","ping_status":"","sticky":false,"template":"","format":"standard","meta":{"footnotes":"","_share_on_mastodon":"0"},"categories":[12],"tags":[22,23,26,27,17,21,24,25,28,29,15,16,18,34,31,33,32,30,19,20],"class_list":["post-362280","post","type-post","status-publish","format-standard","has-post-thumbnail","category-sverige","tag-breaking-news","tag-breakingnews","tag-featured-news","tag-featurednews","tag-headlines","tag-huvudnyheter","tag-latest-news","tag-latestnews","tag-main-news","tag-mainnews","tag-news","tag-nyheter","tag-rubriker","tag-se","tag-svenska","tag-sverige","tag-sweden","tag-swedish","tag-top-stories","tag-topstories"],"share_on_mastodon":{"url":"https:\/\/pubeurope.com\/@se\/117200962654384781","error":""},"_links":{"self":[{"href":"https:\/\/www.europesays.com\/se\/wp-json\/wp\/v2\/posts\/362280","targetHints":{"allow":["GET"]}}],"collection":[{"href":"https:\/\/www.europesays.com\/se\/wp-json\/wp\/v2\/posts"}],"about":[{"href":"https:\/\/www.europesays.com\/se\/wp-json\/wp\/v2\/types\/post"}],"author":[{"embeddable":true,"href":"https:\/\/www.europesays.com\/se\/wp-json\/wp\/v2\/users\/2"}],"replies":[{"embeddable":true,"href":"https:\/\/www.europesays.com\/se\/wp-json\/wp\/v2\/comments?post=362280"}],"version-history":[{"count":0,"href":"https:\/\/www.europesays.com\/se\/wp-json\/wp\/v2\/posts\/362280\/revisions"}],"wp:featuredmedia":[{"embeddable":true,"href":"https:\/\/www.europesays.com\/se\/wp-json\/wp\/v2\/media\/362281"}],"wp:attachment":[{"href":"https:\/\/www.europesays.com\/se\/wp-json\/wp\/v2\/media?parent=362280"}],"wp:term":[{"taxonomy":"category","embeddable":true,"href":"https:\/\/www.europesays.com\/se\/wp-json\/wp\/v2\/categories?post=362280"},{"taxonomy":"post_tag","embeddable":true,"href":"https:\/\/www.europesays.com\/se\/wp-json\/wp\/v2\/tags?post=362280"}],"curies":[{"name":"wp","href":"https:\/\/api.w.org\/{rel}","templated":true}]}}