{"id":362292,"date":"2026-09-02T10:32:11","date_gmt":"2026-09-02T10:32:11","guid":{"rendered":"https:\/\/www.europesays.com\/se\/362292\/"},"modified":"2026-09-02T10:32:11","modified_gmt":"2026-09-02T10:32:11","slug":"karnkraftstopp-rostade-for-ny-karnkraft-i-riksdagen","status":"publish","type":"post","link":"https:\/\/www.europesays.com\/se\/362292\/","title":{"rendered":"K\u00e4rnkraftstopp r\u00f6stade f\u00f6r ny k\u00e4rnkraft i riksdagen"},"content":{"rendered":"<p>Moderate riksdagsledamoten Lars Engsund r\u00f6stade ja till regeringens f\u00f6rslag f\u00f6r att underl\u00e4tta f\u00f6r ny k\u00e4rnkraft samtidigt som han blivit styrelseordf\u00f6rande i ett nytt k\u00e4rnkraftsbolag.<\/p>\n<p>\u2013 Min bed\u00f6mning \u00e4r att jag inte skulle avst\u00e5 fr\u00e5n att r\u00f6sta. Man ska ju komma ih\u00e5g att det h\u00e4r \u00e4r ju generella lagstiftnings\u00e4renden och f\u00f6ruts\u00e4ttningar f\u00f6r ny k\u00e4rnkraft i Sverige, s\u00e4ger Lars Engsund.<\/p>\n<p>Den 6 maj registrerades Lars Engsund, Moderaterna som ny styrelseordf\u00f6rande f\u00f6r f\u00f6retaget Nordic Baseload Power, som bildades i mars i \u00e5r. <br \/>Samma dag r\u00f6stade han i riksdagen ja till en ny tillst\u00e5ndsprocess f\u00f6r k\u00e4rntekniska anl\u00e4ggningar, d\u00e4r f\u00f6retag kan s\u00f6ka direkt till regeringen f\u00f6r att f\u00e5 ett tidigt besked innan pr\u00f6vningen i mark- och milj\u00f6domstolen. Syftet \u00e4r att f\u00e5 en mer effektiv tillst\u00e5ndsprocess och underl\u00e4tta f\u00f6r f\u00f6retagen. <br \/>Drygt en m\u00e5nad senare, den 15 juni, r\u00f6stade Engsund \u00e4ven ja till att g\u00f6ra det m\u00f6jligt f\u00f6r k\u00e4rnkraftverk p\u00e5 nya platser. <br \/>Dagen efter det skickade bolaget in en ans\u00f6kan till regeringen f\u00f6r att bygga nya reaktorer vid det nedlagda k\u00e4rnkraftverket i Barseb\u00e4ck i K\u00e4vlinge kommun och s\u00f6kte \u00e4ven om statligt ekonomiskt st\u00f6d f\u00f6r det. <br \/>Det f\u00f6rsta av de h\u00e4r riksdagsbesluten som Engsund r\u00f6stat ja till som politiker har allts\u00e5 gjort det m\u00f6jligt f\u00f6r f\u00f6retaget han \u00e4r styrelseordf\u00f6rande i att skicka in en ans\u00f6kan enligt den nya tillst\u00e5ndsprocessen.<\/p>\n<p>Lars Engsund h\u00e5ller med om att det var positivt f\u00f6r f\u00f6retaget:<\/p>\n<p>\u2013 Ja, det \u00e4r ju helt korrekt och det \u00e4r likadant f\u00f6r alla akt\u00f6rer som vill ans\u00f6ka, att det \u00e4r positivt.<br \/>Han s\u00e4ger att han lyfte fr\u00e5gan om det skulle kunna finnas en j\u00e4vsproblematik med ledningen i Moderaternas riksdagsgrupp.<\/p>\n<p>\u2013 Vi s\u00e5g inte att det fanns n\u00e5got j\u00e4vsf\u00f6rh\u00e5llande i den delen. Partilinjen \u00e4r strikt att vi r\u00f6stade f\u00f6r f\u00f6rslaget.<\/p>\n<p>Nordic Baseload Power har ans\u00f6kt om tv\u00e5 fullskaliga reaktorer vid Barseb\u00e4ck. Men Uniper som \u00e4ger Barseb\u00e4ck sa i media nej till f\u00f6retagets planer samma dag som ans\u00f6kan blev k\u00e4nd. <br \/><strong>Hade ni inte f\u00f6rankrat det hos dem?<\/strong><br \/>\u2013 Vi kommenterar inte enskilda diskussioner med olika akt\u00f6rer. Det vore olyckligt. Jag kan bara konstatera att vi f\u00f6r en dialog i god ton med Uniper i fr\u00e5gan, s\u00e4ger Lars Engsund.<\/p>\n","protected":false},"excerpt":{"rendered":"Moderate riksdagsledamoten Lars Engsund r\u00f6stade ja till regeringens f\u00f6rslag f\u00f6r att underl\u00e4tta f\u00f6r ny k\u00e4rnkraft samtidigt som han&hellip;\n","protected":false},"author":2,"featured_media":362293,"comment_status":"","ping_status":"","sticky":false,"template":"","format":"standard","meta":{"footnotes":"","_share_on_mastodon":"0"},"categories":[12],"tags":[22,23,26,27,17,21,24,25,28,29,15,16,18,34,31,33,32,30,19,20],"class_list":["post-362292","post","type-post","status-publish","format-standard","has-post-thumbnail","category-sverige","tag-breaking-news","tag-breakingnews","tag-featured-news","tag-featurednews","tag-headlines","tag-huvudnyheter","tag-latest-news","tag-latestnews","tag-main-news","tag-mainnews","tag-news","tag-nyheter","tag-rubriker","tag-se","tag-svenska","tag-sverige","tag-sweden","tag-swedish","tag-top-stories","tag-topstories"],"share_on_mastodon":{"url":"https:\/\/pubeurope.com\/@se\/117200994109073103","error":""},"_links":{"self":[{"href":"https:\/\/www.europesays.com\/se\/wp-json\/wp\/v2\/posts\/362292","targetHints":{"allow":["GET"]}}],"collection":[{"href":"https:\/\/www.europesays.com\/se\/wp-json\/wp\/v2\/posts"}],"about":[{"href":"https:\/\/www.europesays.com\/se\/wp-json\/wp\/v2\/types\/post"}],"author":[{"embeddable":true,"href":"https:\/\/www.europesays.com\/se\/wp-json\/wp\/v2\/users\/2"}],"replies":[{"embeddable":true,"href":"https:\/\/www.europesays.com\/se\/wp-json\/wp\/v2\/comments?post=362292"}],"version-history":[{"count":0,"href":"https:\/\/www.europesays.com\/se\/wp-json\/wp\/v2\/posts\/362292\/revisions"}],"wp:featuredmedia":[{"embeddable":true,"href":"https:\/\/www.europesays.com\/se\/wp-json\/wp\/v2\/media\/362293"}],"wp:attachment":[{"href":"https:\/\/www.europesays.com\/se\/wp-json\/wp\/v2\/media?parent=362292"}],"wp:term":[{"taxonomy":"category","embeddable":true,"href":"https:\/\/www.europesays.com\/se\/wp-json\/wp\/v2\/categories?post=362292"},{"taxonomy":"post_tag","embeddable":true,"href":"https:\/\/www.europesays.com\/se\/wp-json\/wp\/v2\/tags?post=362292"}],"curies":[{"name":"wp","href":"https:\/\/api.w.org\/{rel}","templated":true}]}}