{"id":362306,"date":"2026-09-02T10:40:16","date_gmt":"2026-09-02T10:40:16","guid":{"rendered":"https:\/\/www.europesays.com\/se\/362306\/"},"modified":"2026-09-02T10:40:16","modified_gmt":"2026-09-02T10:40:16","slug":"s-laxa-stabil-ekonomi-grunden-for-en-trygg-valfard","status":"publish","type":"post","link":"https:\/\/www.europesays.com\/se\/362306\/","title":{"rendered":"(S) Lax\u00e5: Stabil ekonomi \u2013 grunden f\u00f6r en trygg v\u00e4lf\u00e4rd"},"content":{"rendered":"<p>F\u00f6r oss Socialdemokrater handlar en stabil ekonomi om ansvar. Kommunens pengar ska anv\u00e4ndas klokt och l\u00e5ngsiktigt s\u00e5 att vi kan s\u00e4kra skolan, \u00e4ldreomsorgen och den \u00f6vriga v\u00e4lf\u00e4rden \u2013 b\u00e5de idag och i framtiden.<\/p>\n<p><strong>Men en<\/strong> liten kommun som Lax\u00e5 kan inte b\u00e4ra hela ansvaret sj\u00e4lv n\u00e4r kostnaderna f\u00f6r mat, energi och andra n\u00f6dv\u00e4ndigheter \u00f6kar. Staten m\u00e5ste ta sitt ansvar f\u00f6r att v\u00e4lf\u00e4rden ska fungera i hela Sverige \u2013 ocks\u00e5 i mindre kommuner.<\/p>\n<p>D\u00e4rf\u00f6r vill Socialdemokraterna inf\u00f6ra en ny princip f\u00f6r v\u00e4lf\u00e4rdens finansiering. N\u00e4r kostnaderna \u00f6kar ska ocks\u00e5 tillskottet fr\u00e5n staten \u00f6ka. De generella statsbidragen till kommuner och regioner ska r\u00e4knas upp i takt med inflationen.<\/p>\n<p><strong>F\u00f6r Lax\u00e5 <\/strong>kommun skulle det ha stor betydelse. Det skulle ge mer stabila och f\u00f6ruts\u00e4gbara ekonomiska f\u00f6ruts\u00e4ttningar och g\u00f6ra det l\u00e4ttare att planera l\u00e5ngsiktigt. Vi skulle f\u00e5 b\u00e4ttre m\u00f6jligheter att v\u00e4rna skolan och omsorgen och slippa att inflationen \u00e5r efter \u00e5r urholkar statens st\u00f6d till kommunen.<\/p>\n<p>En trygg v\u00e4lf\u00e4rd kr\u00e4ver en stabil och f\u00f6ruts\u00e4gbar finansiering. Det \u00e4r dags att ta v\u00e4lf\u00e4rden p\u00e5 allvar \u2013 oavsett om man bor i en storstad eller i Lax\u00e5 kommun.<\/p>\n<p><strong>Om Socialdemokraterna <\/strong>f\u00e5r v\u00e4ljarnas f\u00f6rtroende vill vi ta ansvar f\u00f6r ekonomin och v\u00e4lf\u00e4rden \u2013 b\u00e5de nationellt och h\u00e4r hemma i Lax\u00e5.<\/p>\n<p>Therese Magnusson  Partif\u00f6retr\u00e4dare Socialdemokraterna Lax\u00e5 Arbetarekommun  Elin Andersson  Ordf\u00f6rande Socialdemokraterna  Lax\u00e5 Arbetarekommun <\/p>\n","protected":false},"excerpt":{"rendered":"F\u00f6r oss Socialdemokrater handlar en stabil ekonomi om ansvar. Kommunens pengar ska anv\u00e4ndas klokt och l\u00e5ngsiktigt s\u00e5 att&hellip;\n","protected":false},"author":2,"featured_media":362307,"comment_status":"","ping_status":"","sticky":false,"template":"","format":"standard","meta":{"footnotes":"","_share_on_mastodon":"0"},"categories":[12],"tags":[22,23,26,27,17,21,24,25,28,29,15,16,18,34,31,33,32,30,19,20],"class_list":["post-362306","post","type-post","status-publish","format-standard","has-post-thumbnail","category-sverige","tag-breaking-news","tag-breakingnews","tag-featured-news","tag-featurednews","tag-headlines","tag-huvudnyheter","tag-latest-news","tag-latestnews","tag-main-news","tag-mainnews","tag-news","tag-nyheter","tag-rubriker","tag-se","tag-svenska","tag-sverige","tag-sweden","tag-swedish","tag-top-stories","tag-topstories"],"share_on_mastodon":{"url":"https:\/\/pubeurope.com\/@se\/117201025583220849","error":""},"_links":{"self":[{"href":"https:\/\/www.europesays.com\/se\/wp-json\/wp\/v2\/posts\/362306","targetHints":{"allow":["GET"]}}],"collection":[{"href":"https:\/\/www.europesays.com\/se\/wp-json\/wp\/v2\/posts"}],"about":[{"href":"https:\/\/www.europesays.com\/se\/wp-json\/wp\/v2\/types\/post"}],"author":[{"embeddable":true,"href":"https:\/\/www.europesays.com\/se\/wp-json\/wp\/v2\/users\/2"}],"replies":[{"embeddable":true,"href":"https:\/\/www.europesays.com\/se\/wp-json\/wp\/v2\/comments?post=362306"}],"version-history":[{"count":0,"href":"https:\/\/www.europesays.com\/se\/wp-json\/wp\/v2\/posts\/362306\/revisions"}],"wp:featuredmedia":[{"embeddable":true,"href":"https:\/\/www.europesays.com\/se\/wp-json\/wp\/v2\/media\/362307"}],"wp:attachment":[{"href":"https:\/\/www.europesays.com\/se\/wp-json\/wp\/v2\/media?parent=362306"}],"wp:term":[{"taxonomy":"category","embeddable":true,"href":"https:\/\/www.europesays.com\/se\/wp-json\/wp\/v2\/categories?post=362306"},{"taxonomy":"post_tag","embeddable":true,"href":"https:\/\/www.europesays.com\/se\/wp-json\/wp\/v2\/tags?post=362306"}],"curies":[{"name":"wp","href":"https:\/\/api.w.org\/{rel}","templated":true}]}}