{"id":362322,"date":"2026-09-02T10:48:07","date_gmt":"2026-09-02T10:48:07","guid":{"rendered":"https:\/\/www.europesays.com\/se\/362322\/"},"modified":"2026-09-02T10:48:07","modified_gmt":"2026-09-02T10:48:07","slug":"svenska-gamers-kan-fa-viktig-roll-vid-krig-e-sport","status":"publish","type":"post","link":"https:\/\/www.europesays.com\/se\/362322\/","title":{"rendered":"Svenska gamers kan f\u00e5 viktig roll vid krig | E-sport"},"content":{"rendered":"<p>Uppdaterad 2 sep 2026 kl 11.36Publicerad 2 sep 2026 kl 09.23<\/p>\n<p>Gamers ska bli en del av Sveriges civila f\u00f6rsvar.<\/p>\n<p>Det \u00e4r m\u00e5let med ett nytt projekt fr\u00e5n Handelsh\u00f6gskolan, <a href=\"https:\/\/www.tv4play.se\/klipp\/ea0bda25ca7ecf747055\/video-nytt-projekt-ska-ge-fler-dronarpiloter-till-civilforsvaret\" rel=\"nofollow noopener\" target=\"_blank\">enligt TV4<\/a>.<\/p>\n<p>Ett projekt som leds av en svensk CS-stj\u00e4rna.\u00a0<\/p>\n<p>Faruk Pita om oron f\u00f6r \u00f6verarbetade CS-spelare<img loading=\"lazy\"   alt=\"\"\/><\/p>\n<p>Faruk Pita.<\/p>\n<p>Foto: Svenska e-sportf\u00f6rbundet<\/p>\n<p>\u00d6ppna bild i helsk\u00e4rm<img loading=\"lazy\"   alt=\"\"\/><\/p>\n<p>Carl-Oskar Bohlin.<\/p>\n<p>Foto: Magnus Grimstedt\/TT \/ TT NYHETSBYR\u00c5N<\/p>\n<p>\u00d6ppna bild i helsk\u00e4rm<\/p>\n<p>Ett nytt projekt fr\u00e5n Handelsh\u00f6gskolan syftar p\u00e5 att st\u00e4rka Sveriges civila f\u00f6rsvar med hj\u00e4lp av dr\u00f6nare.<\/p>\n<p>I projektet ska vana gamers, det vill s\u00e4ga tv-spelare, hj\u00e4lpa till som dr\u00f6narpiloter f\u00f6r att p\u00e5 distans kunna skicka f\u00f6rn\u00f6denheter till de som beh\u00f6ver om ett krig eller annan kris skulle bryta ut.<\/p>\n<p>Bakom id\u00e9n st\u00e5r en stor svensk Counter-Strike-profil: Faruk Pita, 35, som \u00e4r en av Sveriges fr\u00e4msta tr\u00e4nare genom tiderna.<\/p>\n<p>\u2013 T\u00e4nk er en pandemi, en covid g\u00e5nger tio, d\u00e4r ingen g\u00e5r ut, och att vi har m\u00e5nga gamers som kan lyfta dr\u00f6nare och ge befolkningen de f\u00f6rn\u00f6denheter de beh\u00f6ver f\u00f6r att klara sig, s\u00e4ger <a href=\"https:\/\/www.tv4play.se\/klipp\/ea0bda25ca7ecf747055\/video-nytt-projekt-ska-ge-fler-dronarpiloter-till-civilforsvaret\" rel=\"nofollow noopener\" target=\"_blank\">Faruk Pita till TV4<\/a>.<\/p>\n<p>Ministern: \u201d\u00c4r intressant\u201d<\/p>\n<p>Projektet uppskattas ocks\u00e5 av Carl-Oskar Bohlin, minister f\u00f6r civilt f\u00f6rsvar.<\/p>\n<p>\u2013 Det \u00e4r intressant utifr\u00e5n att man tar en f\u00f6rm\u00e5ga som finns i samh\u00e4llet med m\u00e4nniskor som har en h\u00f6gt upparbetad \u00f6ga\u2013hand-koordination och tittar hur man kan dra nytta av deras f\u00f6rm\u00e5ga, s\u00e4ger han i TV4.<\/p>\n<p>Nu tittar man p\u00e5 hur m\u00e5nga timmar en gamer ska ha f\u00f6r att bli en tillr\u00e4ckligt skicklig dr\u00f6narpilot och f\u00f6rhoppningen \u00e4r att man inom projektet ska ha svar p\u00e5 det innan \u00e5rets slut.<\/p>\n<p><strong>L\u00c4S MER: <\/strong><a href=\"https:\/\/www.expressen.se\/sport\/e-sport\/kronikorer\/sebastian-parkkila\/tank-dig-tva-gianni-infantinos\/\" class=\"\" rel=\"nofollow noopener\" target=\"_blank\">T\u00e4nk dig tv\u00e5 Gianni Infantinos<\/a><\/p>\n","protected":false},"excerpt":{"rendered":"Uppdaterad 2 sep 2026 kl 11.36Publicerad 2 sep 2026 kl 09.23 Gamers ska bli en del av Sveriges&hellip;\n","protected":false},"author":2,"featured_media":362323,"comment_status":"","ping_status":"","sticky":false,"template":"","format":"standard","meta":{"footnotes":"","_share_on_mastodon":"0"},"categories":[12],"tags":[22,23,8774,26,27,17,21,24,25,28,29,15,16,18,34,31,33,32,30,19,20],"class_list":["post-362322","post","type-post","status-publish","format-standard","has-post-thumbnail","category-sverige","tag-breaking-news","tag-breakingnews","tag-esport","tag-featured-news","tag-featurednews","tag-headlines","tag-huvudnyheter","tag-latest-news","tag-latestnews","tag-main-news","tag-mainnews","tag-news","tag-nyheter","tag-rubriker","tag-se","tag-svenska","tag-sverige","tag-sweden","tag-swedish","tag-top-stories","tag-topstories"],"share_on_mastodon":{"url":"https:\/\/pubeurope.com\/@se\/117201057045170951","error":""},"_links":{"self":[{"href":"https:\/\/www.europesays.com\/se\/wp-json\/wp\/v2\/posts\/362322","targetHints":{"allow":["GET"]}}],"collection":[{"href":"https:\/\/www.europesays.com\/se\/wp-json\/wp\/v2\/posts"}],"about":[{"href":"https:\/\/www.europesays.com\/se\/wp-json\/wp\/v2\/types\/post"}],"author":[{"embeddable":true,"href":"https:\/\/www.europesays.com\/se\/wp-json\/wp\/v2\/users\/2"}],"replies":[{"embeddable":true,"href":"https:\/\/www.europesays.com\/se\/wp-json\/wp\/v2\/comments?post=362322"}],"version-history":[{"count":0,"href":"https:\/\/www.europesays.com\/se\/wp-json\/wp\/v2\/posts\/362322\/revisions"}],"wp:featuredmedia":[{"embeddable":true,"href":"https:\/\/www.europesays.com\/se\/wp-json\/wp\/v2\/media\/362323"}],"wp:attachment":[{"href":"https:\/\/www.europesays.com\/se\/wp-json\/wp\/v2\/media?parent=362322"}],"wp:term":[{"taxonomy":"category","embeddable":true,"href":"https:\/\/www.europesays.com\/se\/wp-json\/wp\/v2\/categories?post=362322"},{"taxonomy":"post_tag","embeddable":true,"href":"https:\/\/www.europesays.com\/se\/wp-json\/wp\/v2\/tags?post=362322"}],"curies":[{"name":"wp","href":"https:\/\/api.w.org\/{rel}","templated":true}]}}