{"id":362338,"date":"2026-09-02T10:56:08","date_gmt":"2026-09-02T10:56:08","guid":{"rendered":"https:\/\/www.europesays.com\/se\/362338\/"},"modified":"2026-09-02T10:56:08","modified_gmt":"2026-09-02T10:56:08","slug":"pal-jonson-ryssland-kartlagger-stodet-till-ukraina","status":"publish","type":"post","link":"https:\/\/www.europesays.com\/se\/362338\/","title":{"rendered":"P\u00e5l Jonson: Ryssland kartl\u00e4gger st\u00f6det till Ukraina"},"content":{"rendered":"<p>Uppdaterad 2 sep 2026 kl 12.39Publicerad 2 sep 2026 kl 12.01<\/p>\n<p>F\u00f6rsvarsmaktens hemliga materieltransporter till Ukraina \u00e4r ett h\u00f6gt prioriterat m\u00e5l f\u00f6r rysk underr\u00e4ttelsetj\u00e4nst.\u00a0<\/p>\n<p>F\u00f6rsvarsminister P\u00e5l Jonson bekr\u00e4ftar att Ryssland f\u00f6rs\u00f6ker kartl\u00e4gga st\u00f6det till Ukraina.<\/p>\n<p>\u2013 Det bedrivs underr\u00e4ttelseinh\u00e4mtning mot det svenska Ukrainast\u00f6det och svensk f\u00f6rsvarsindustri, s\u00e4ger han.<\/p>\n<p><img   alt=\"\"\/><\/p>\n<p>En del av de hemliga milit\u00e4ra transporterna av donerat milit\u00e4rt materiel sker med svenska f\u00f6rsvarets flygplan till knutpunkter i n\u00e4rheten av gr\u00e4nsen till Ukraina.<\/p>\n<p>Foto: F\u00d6RSVARSMAKTEN<\/p>\n<p>\u00d6ppna bild i helsk\u00e4rm<img loading=\"lazy\"   alt=\"\"\/><\/p>\n<p>Ryssland f\u00f6rs\u00f6ker kartl\u00e4gga st\u00f6det till Ukraina.<\/p>\n<p>Foto: VYACHESLAV PROKOFYEV \/ POOL \/ EPA SPUTNIK POOL<\/p>\n<p>\u00d6ppna bild i helsk\u00e4rm<\/p>\n<p>I direkt anslutning till regeringens snabbinkallade presskonferens p\u00e5 tisdagskv\u00e4llen talar Expressen med f\u00f6rsvarsminister P\u00e5l Jonson.<\/p>\n<p>Artikeln i korthet<\/p>\n<p>Ryssland kartl\u00e4gger svenskt st\u00f6d till Ukraina.<\/p>\n<p>P\u00e5l Jonson bekr\u00e4ftar \u00f6kad rysk inh\u00e4mtning mot transporter och f\u00f6rsvarsindustri.<\/p>\n<p>Ryskt sabotage i Tyskland och S\u00e4pos bevakning spetsar hotbilden.<\/p>\n<p>Visa mer<\/p>\n<p>Statsminister Ulf Kristersson (M) har precis avsl\u00f6jat att Rysslands ambassad\u00f6r i Stockholm ska kallas upp f\u00f6r att ta emot en protest mot ett sabotagef\u00f6rs\u00f6k mot ett ukrainskt fraktflygplan p\u00e5 flygplatsen Leipzig\/Halle i Tyskland natten mellan den 4 och 5 augusti.<\/p>\n<p><img loading=\"lazy\"   alt=\"\"\/><\/p>\n<p>Rysslands ambassad i Stockholm pekas ut som ett spionn\u00e4ste. Den tyska regeringen har best\u00e4mt att bland annat det ryska generalkonsulatet i Bonn m\u00e5ste st\u00e4ngas.<\/p>\n<p>Foto: ALEX LJUNGDAHL<\/p>\n<p>\u00d6ppna bild i helsk\u00e4rm<\/p>\n<p>Den svenska politiska reaktionen var en direkt f\u00f6ljd av nyheten som den tyska regeringen hade offentliggjort n\u00e5gra timmar tidigare. Tyskarna hade slagit fast att det var Ryssland som l\u00e5g bakom sabotagef\u00f6rs\u00f6ket med en spr\u00e4ngladdad dr\u00f6nare i augusti mot det ukrainska fraktflygplanet p\u00e5 flygplatsen Leipzig\/Halle. Flygplatsen \u00e4r ett centralt nav f\u00f6r Natos milit\u00e4ra leveranser till <a href=\"https:\/\/www.expressen.se\/tagg\/location\/ukraina\/\" class=\"\" rel=\"nofollow noopener\" target=\"_blank\">Ukraina<\/a>.<\/p>\n<p><img loading=\"lazy\"   alt=\"\"\/><\/p>\n<p>Polistekniker s\u00f6ker igenom vegetationen kring flygplatsen    Leipzig\/Halle.<\/p>\n<p>Foto: Hendrik Schmidt \/ DPA \/ TT NYHETSBYR\u00c5N<\/p>\n<p>\u00d6ppna bild i helsk\u00e4rm<\/p>\n<p>Dr\u00f6naren kraschade in i flygplanets vinge n\u00e4ra br\u00e4nsletankarna men exploderade inte p\u00e5 grund av en felaktig t\u00e4ndmekanism. Den var bestyckad med n\u00e4rmare 800 gram av det milit\u00e4ra spr\u00e4ng\u00e4mnet Semtex. Tysk polis misst\u00e4nker att totalt tre dr\u00f6nare var inblandade i h\u00e4ndelsen. Bland annat kolliderade ett startande DHL-flygplan med ett ok\u00e4nt objekt, som tros ha varit en andra dr\u00f6nare.<\/p>\n<p>Natol\u00e4ndernas logistik kring det milit\u00e4ra Ukrainast\u00f6det tillh\u00f6r de omr\u00e5den d\u00e4r man fr\u00e5n rysk sida l\u00e4gger ned stora resurser p\u00e5 att kartl\u00e4gga leveranserna.<\/p>\n<p>I Sverige \u00e4r det F\u00f6rsvarsmaktens logistikavdelning, FMLOG, som ansvarar f\u00f6r transporterna av donerad milit\u00e4r materiel till Ukraina \u2013 en av de minst k\u00e4nda avdelningarna inom myndigheten. D\u00e4r \u00e4r man v\u00e4l medveten om det ryska intresset f\u00f6r transporterna. Ytterst f\u00e5 av de anst\u00e4llda har hela bilden klar f\u00f6r sig n\u00e4r det g\u00e4ller transportkedjan vid leveranserna till Ukraina.<\/p>\n<p>Fakta FMLOG<\/p>\n<p>F\u00f6rbandschefen och FMLOG:s stab finns i Stockholm, men f\u00f6rbandet finns utspritt \u00f6ver hela landet, huvudsakligen p\u00e5 de platser d\u00e4r F\u00f6rsvarsmakten har annan verksamhet. FMLOG \u00e4r ett f\u00f6rsvarsgemensamt f\u00f6rband vilket betyder att man st\u00f6djer f\u00f6rband, skolor och centrum i hela F\u00f6rsvarsmakten. FMLOG bidrar \u00e4ven med ett logistikf\u00f6rband till F\u00f6rsvarsmaktens internationella insatser.<\/p>\n<p>Visa mer<\/p>\n<p>Fler \u00e4n 100 operationer har hittills genomf\u00f6rts sedan det f\u00f6rsta st\u00f6det efter den ryska invasionen 2022. Sekretessen \u00e4r extremt h\u00f6g, eftersom man fruktar att Ryssland ska f\u00f6rs\u00f6ka sabotera transporterna och f\u00f6rhindra att materielen n\u00e5r fram till Ukraina.<\/p>\n<p><img loading=\"lazy\"   alt=\"\"\/><\/p>\n<p>F\u00f6rsvarsmaktens speciella enhet, FMLOG, sk\u00f6ter logistiken kring de hemliga transporterna av donerat svenskt milit\u00e4rt materiel till Ukraina.<\/p>\n<p>Foto: F\u00d6RSVARSMAKTEN<\/p>\n<p>\u00d6ppna bild i helsk\u00e4rm<\/p>\n<p>Transporterna sker med t\u00e5g, l\u00e5ngtradare och flyg till olika hubbar i n\u00e4rheten av Ukraina, varifr\u00e5n Ukraina sj\u00e4lvt tar \u00f6ver den fortsatta transporten in i landet. Uppdragen skyddas ofta av enheter fr\u00e5n de svenska specialf\u00f6rbanden inom F\u00f6rsvarsmakten.<\/p>\n<p>\u201dRyssland f\u00f6ljer vad vi g\u00f6r\u201d<\/p>\n<p>F\u00f6rsvarsminister P\u00e5l Jonson bekr\u00e4ftar att den ryska underr\u00e4ttelseinh\u00e4mtningen har \u00f6kat p\u00e5 bred front.<\/p>\n<p>\u2013 Det ber\u00f6r olika typer av verksamhet som Ryssland bed\u00f6mer som intressant. Det kan vara f\u00f6rsvarsindustri, det kan vara transporter, det kan vara fr\u00e5gor kopplade till f\u00f6rsvarsplanering. Ryssland f\u00f6ljer vad vi g\u00f6r och vad andra l\u00e4nder g\u00f6r kopplat till Ukrainast\u00f6det.<\/p>\n<p><img loading=\"lazy\"   alt=\"\"\/><\/p>\n<p>\u2013 Det ska vara s\u00e5 sv\u00e5rt som m\u00f6jligt att bedriva rysk underr\u00e4ttelseverksamhet i Sverige, s\u00e4ger f\u00f6rsvarsminister P\u00e5l Jonson.<\/p>\n<p>Foto: Fredrik Sandberg\/TT \/ TT NYHETSBYR\u00c5N<\/p>\n<p>\u00d6ppna bild i helsk\u00e4rm<\/p>\n<p>P\u00e5l Jonson uppger att man har ett kvalificerat s\u00e4kerhetsskyddsarbete i anslutning till de milit\u00e4ra transporterna fr\u00e5n F\u00f6rsvarsmakten till Ukraina.<\/p>\n<p>\u2013 Exakt vilka v\u00e4gar och hur det g\u00e5r till, det g\u00e5r vi inte in p\u00e5.<\/p>\n<p>Annons<\/p>\n<p><strong>Men har ni noterat ryskt intresse f\u00f6r just de h\u00e4r transporterna?<\/strong><\/p>\n<p>\u2013 Jag kan s\u00e4ga s\u00e5 pass mycket att man bedriver underr\u00e4ttelseinh\u00e4mtning mot det svenska Ukrainast\u00f6det, svensk f\u00f6rsvarsindustri och svenska f\u00f6rsvarsinstallationer.<\/p>\n<p><strong>Hur m\u00e4rks det konkret?<\/strong><\/p>\n<p>\u2013 Det kan handla om ryska medborgares n\u00e4rvaro eller andra l\u00e4nders medborgare som agerar i Sverige, som vi f\u00f6ljer och h\u00e5ller koll p\u00e5 genom den milit\u00e4ra s\u00e4kerhetstj\u00e4nsten och genom S\u00e4kerhetspolisens arbete.<\/p>\n<p>Expressen har fr\u00e5n olika k\u00e4llor f\u00e5tt bekr\u00e4ftat att S\u00e4kerhetspolisen punktmarkerar den minskande skara ryska underr\u00e4ttelseofficerare som finns kvar p\u00e5 ambassaden i Stockholm.<\/p>\n<p>\u201dVilande agenter\u201d<\/p>\n<p>Vidare f\u00f6rs\u00f6ker S\u00e4kerhetspolisen identifiera \u201dvilande agenter\u201d \u2013 \u00e4ven kallade illegalister \u2013 som kan \u00e5ta sig specifika sabotageuppdrag, vilka ska genomf\u00f6ras p\u00e5 en given signal fr\u00e5n uppdragsgivarna i Moskva. Bland de illegalister som har avsl\u00f6jats i Europe p\u00e5 senare \u00e5r har merparten varit uts\u00e4nda spioner med falska identiteter.<\/p>\n<p>\u2013 Med det kraftigt f\u00f6rs\u00e4mrade s\u00e4kerhetsl\u00e4get m\u00e5ste vi f\u00f6rh\u00e5lla oss till att Ryssland utg\u00f6r ett reellt hot mot Sverige och v\u00e5ra allierade. M\u00e5ls\u00e4ttningen \u00e4r att vi ska vara ett s\u00e5 h\u00e5rt m\u00e5l som m\u00f6jligt. Det ska vara s\u00e5 sv\u00e5rt som m\u00f6jligt att bedriva rysk underr\u00e4ttelseverksamhet i Sverige, s\u00e4ger P\u00e5l Jonson.<\/p>\n","protected":false},"excerpt":{"rendered":"Uppdaterad 2 sep 2026 kl 12.39Publicerad 2 sep 2026 kl 12.01 F\u00f6rsvarsmaktens hemliga materieltransporter till Ukraina \u00e4r ett&hellip;\n","protected":false},"author":2,"featured_media":362339,"comment_status":"","ping_status":"","sticky":false,"template":"","format":"standard","meta":{"footnotes":"","_share_on_mastodon":"0"},"categories":[12],"tags":[50,22,23,26,27,380,17,21,29935,24,25,28,29,11842,15,16,3924,3409,18,264,2152,34,26714,31,33,32,30,19,20,263,1111],"class_list":["post-362338","post","type-post","status-publish","format-standard","has-post-thumbnail","category-sverige","tag-arme-forsvar","tag-breaking-news","tag-breakingnews","tag-featured-news","tag-featurednews","tag-forsvarsmakten","tag-headlines","tag-huvudnyheter","tag-krig-konflikt","tag-latest-news","tag-latestnews","tag-main-news","tag-mainnews","tag-militar","tag-news","tag-nyheter","tag-pal-jonson","tag-regeringen","tag-rubriker","tag-ryssland","tag-sakerhetspolitik","tag-se","tag-spioneri","tag-svenska","tag-sverige","tag-sweden","tag-swedish","tag-top-stories","tag-topstories","tag-ukraina","tag-ulf-kristersson"],"share_on_mastodon":{"url":"https:\/\/pubeurope.com\/@se\/117201088655956354","error":""},"_links":{"self":[{"href":"https:\/\/www.europesays.com\/se\/wp-json\/wp\/v2\/posts\/362338","targetHints":{"allow":["GET"]}}],"collection":[{"href":"https:\/\/www.europesays.com\/se\/wp-json\/wp\/v2\/posts"}],"about":[{"href":"https:\/\/www.europesays.com\/se\/wp-json\/wp\/v2\/types\/post"}],"author":[{"embeddable":true,"href":"https:\/\/www.europesays.com\/se\/wp-json\/wp\/v2\/users\/2"}],"replies":[{"embeddable":true,"href":"https:\/\/www.europesays.com\/se\/wp-json\/wp\/v2\/comments?post=362338"}],"version-history":[{"count":0,"href":"https:\/\/www.europesays.com\/se\/wp-json\/wp\/v2\/posts\/362338\/revisions"}],"wp:featuredmedia":[{"embeddable":true,"href":"https:\/\/www.europesays.com\/se\/wp-json\/wp\/v2\/media\/362339"}],"wp:attachment":[{"href":"https:\/\/www.europesays.com\/se\/wp-json\/wp\/v2\/media?parent=362338"}],"wp:term":[{"taxonomy":"category","embeddable":true,"href":"https:\/\/www.europesays.com\/se\/wp-json\/wp\/v2\/categories?post=362338"},{"taxonomy":"post_tag","embeddable":true,"href":"https:\/\/www.europesays.com\/se\/wp-json\/wp\/v2\/tags?post=362338"}],"curies":[{"name":"wp","href":"https:\/\/api.w.org\/{rel}","templated":true}]}}