{"id":36234,"date":"2025-09-22T03:31:07","date_gmt":"2025-09-22T03:31:07","guid":{"rendered":"https:\/\/www.europesays.com\/se\/36234\/"},"modified":"2025-09-22T03:31:07","modified_gmt":"2025-09-22T03:31:07","slug":"sa-blev-sven-av-med-besvaren-av-sin-tinnitus","status":"publish","type":"post","link":"https:\/\/www.europesays.com\/se\/36234\/","title":{"rendered":"S\u00e5 blev Sven av med besv\u00e4ren av sin tinnitus"},"content":{"rendered":"<p>Publicerad 22 sep 2025 kl 05.00<\/p>\n<p> Premium S\u00f6mnl\u00f6s natt efter s\u00f6mnl\u00f6s natt.<\/p>\n<p>Det konstanta tjutandet och pipandet fr\u00e5n Svens tinnitus gjorde hans liv till en mardr\u00f6m.<\/p>\n<p>Ett m\u00f6te med r\u00e4tt l\u00e4kare blev r\u00e4ddningen.<\/p>\n<p>\u2013 Fr\u00e5n den dagen har jag inte haft en enda d\u00e5lig natt.<\/p>\n<p>S\u00e5 lyckades han kn\u00e4cka tinnitus-koden.<\/p>\n<p><img   alt=\"Sven Hansen genomled otaliga s\u00f6mnl\u00f6sa n\u00e4tter innan han kn\u00e4ckte tinnitus-g\u00e5tan.\"\/><\/p>\n<p>Sven Hansen genomled otaliga s\u00f6mnl\u00f6sa n\u00e4tter innan han kn\u00e4ckte tinnitus-g\u00e5tan. Foto: Privat<\/p>\n","protected":false},"excerpt":{"rendered":"Publicerad 22 sep 2025 kl 05.00 Premium S\u00f6mnl\u00f6s natt efter s\u00f6mnl\u00f6s natt. Det konstanta tjutandet och pipandet fr\u00e5n&hellip;\n","protected":false},"author":2,"featured_media":36235,"comment_status":"","ping_status":"","sticky":false,"template":"","format":"standard","meta":{"footnotes":""},"categories":[69],"tags":[3856,280,113,112,3857,34,3855,31,33,32,30],"class_list":{"0":"post-36234","1":"post","2":"type-post","3":"status-publish","4":"format-standard","5":"has-post-thumbnail","7":"category-halsa","8":"tag-behandlingsmetoder","9":"tag-dagbladet","10":"tag-halsa","11":"tag-health","12":"tag-horsel","13":"tag-se","14":"tag-sjukdomar-besvar","15":"tag-svenska","16":"tag-sverige","17":"tag-sweden","18":"tag-swedish"},"share_on_mastodon":{"url":"","error":""},"_links":{"self":[{"href":"https:\/\/www.europesays.com\/se\/wp-json\/wp\/v2\/posts\/36234","targetHints":{"allow":["GET"]}}],"collection":[{"href":"https:\/\/www.europesays.com\/se\/wp-json\/wp\/v2\/posts"}],"about":[{"href":"https:\/\/www.europesays.com\/se\/wp-json\/wp\/v2\/types\/post"}],"author":[{"embeddable":true,"href":"https:\/\/www.europesays.com\/se\/wp-json\/wp\/v2\/users\/2"}],"replies":[{"embeddable":true,"href":"https:\/\/www.europesays.com\/se\/wp-json\/wp\/v2\/comments?post=36234"}],"version-history":[{"count":0,"href":"https:\/\/www.europesays.com\/se\/wp-json\/wp\/v2\/posts\/36234\/revisions"}],"wp:featuredmedia":[{"embeddable":true,"href":"https:\/\/www.europesays.com\/se\/wp-json\/wp\/v2\/media\/36235"}],"wp:attachment":[{"href":"https:\/\/www.europesays.com\/se\/wp-json\/wp\/v2\/media?parent=36234"}],"wp:term":[{"taxonomy":"category","embeddable":true,"href":"https:\/\/www.europesays.com\/se\/wp-json\/wp\/v2\/categories?post=36234"},{"taxonomy":"post_tag","embeddable":true,"href":"https:\/\/www.europesays.com\/se\/wp-json\/wp\/v2\/tags?post=36234"}],"curies":[{"name":"wp","href":"https:\/\/api.w.org\/{rel}","templated":true}]}}