{"id":362382,"date":"2026-09-02T11:23:11","date_gmt":"2026-09-02T11:23:11","guid":{"rendered":"https:\/\/www.europesays.com\/se\/362382\/"},"modified":"2026-09-02T11:23:11","modified_gmt":"2026-09-02T11:23:11","slug":"22-overgangar-som-sprack-i-allsvenskan-2026","status":"publish","type":"post","link":"https:\/\/www.europesays.com\/se\/362382\/","title":{"rendered":"(+) 22 \u00f6verg\u00e5ngar som sprack i allsvenskan 2026"},"content":{"rendered":"\n<p class=\"_textTheme_4io5p_1 _paragraph_16k26_4 _paragraph_3ue4t_27 layout-component layout-normal layout-padded layout-component layout-normal layout-padded body-medium\"><strong class=\"_strong_16k26_20\">Det svenska transferf\u00f6nstret \u00e4r st\u00e4ngt och de allsvenska klubbarna kan inte v\u00e4rva spelare l\u00e4ngre. Flera stora spelar\u00f6verg\u00e5ngar har gjorts b\u00e5de till och fr\u00e5n allsvenskan under sommarm\u00e5naderna, men det var ocks\u00e5 m\u00e5nga som sprack.<\/strong><\/p>\n<p class=\"_textTheme_4io5p_1 _paragraph_16k26_4 _paragraph_3ue4t_27 layout-component layout-normal layout-padded layout-component layout-normal layout-padded body-medium\"><strong class=\"_strong_16k26_20\">H\u00e4r listar Sportbladets Sillyexpert Daniel \u201dDisco\u201d Kristoffersson hela 22 \u00f6verg\u00e5ngar som var n\u00e4ra, men som inte blev av. <\/strong><\/p>\n<p class=\"_textTheme_4io5p_1 _paragraph_16k26_4 _paragraph_3ue4t_27 layout-component layout-normal layout-padded layout-component layout-normal layout-padded body-medium\"> Var \u00f6verens \u2013 allt sprack p\u00e5 plats i Stockholm<\/p>\n<p class=\"_textTheme_4io5p_1 _paragraph_16k26_4 _paragraph_3ue4t_27 layout-component layout-normal layout-padded layout-component layout-normal layout-padded body-medium\"> Allsvenska stj\u00e4rnan i diskussioner med rivalerna AIK och Malm\u00f6 FF<\/p>\n<p class=\"_textTheme_4io5p_1 _paragraph_16k26_4 _paragraph_3ue4t_27 layout-component layout-normal layout-padded layout-component layout-normal layout-padded body-medium\"> F\u00f6rre Bl\u00e5vitt-spelaren nobbade \u00d6rgryte<\/p>\n<p class=\"_textTheme_4io5p_1 _paragraph_16k26_4 _paragraph_3ue4t_27 layout-component layout-normal layout-padded layout-component layout-normal layout-padded body-medium\"> Tackade nej till flera klubbar f\u00f6r att g\u00e5 till AIK \u2013 d\u00e5 v\u00e4nde Gnaget<\/p>\n<p class=\"_textTheme_4io5p_1 _paragraph_16k26_4 _paragraph_3ue4t_27 layout-component layout-normal layout-padded layout-component layout-normal layout-padded body-medium\"> Sista minuten-budet: Tideras st\u00f6rsta bonus<\/p>\n<p class=\"_textTheme_4io5p_1 _paragraph_16k26_4 _paragraph_3ue4t_27 layout-component layout-normal layout-padded layout-component layout-normal layout-padded body-medium\"> Huggsexa om serieledarens spelare <\/p>\n<p class=\"_textTheme_4io5p_1 _paragraph_16k26_4 _paragraph_3ue4t_27 layout-component layout-normal layout-padded layout-component layout-normal layout-padded body-medium\"> Allt var klappat och klart f\u00f6r en aff\u00e4r \u2013 d\u00e5 sprack allt av l\u00e4karunders\u00f6kningen<\/p>\n<p class=\"_textTheme_4io5p_1 _paragraph_16k26_4 _paragraph_3ue4t_27 layout-component layout-normal layout-padded layout-component layout-normal layout-padded body-medium\"> PL-klubben kapade aff\u00e4ren i sista stund \u2013 fyrdubblade l\u00f6nen<\/p>\n<p class=\"_textTheme_4io5p_1 _paragraph_16k26_4 _paragraph_3ue4t_27 layout-component layout-normal layout-padded layout-component layout-normal layout-padded body-medium\"> MFF:s jakt p\u00e5 VM-spelaren<\/p>\n<p class=\"_textTheme_4io5p_1 _paragraph_16k26_4 _paragraph_3ue4t_27 layout-component layout-normal layout-padded layout-component layout-normal layout-padded body-medium\"> AIK fick tre bud nobbade: \u201dJag \u00e4r besviken\u201d<\/p>\n","protected":false},"excerpt":{"rendered":"Det svenska transferf\u00f6nstret \u00e4r st\u00e4ngt och de allsvenska klubbarna kan inte v\u00e4rva spelare l\u00e4ngre. Flera stora spelar\u00f6verg\u00e5ngar har&hellip;\n","protected":false},"author":2,"featured_media":362383,"comment_status":"","ping_status":"","sticky":false,"template":"","format":"standard","meta":{"footnotes":"","_share_on_mastodon":"0"},"categories":[68],"tags":[460,458,1555,459,859,32927,1102,557,10917,34,111,110,31,33,32,30],"class_list":["post-362382","post","type-post","status-publish","format-standard","has-post-thumbnail","category-sport","tag-aik-fotboll","tag-allsvenskan-i-fotboll","tag-bk-hacken","tag-djurgardens-if-fotboll","tag-hammarby-if-fotboll","tag-helsingborgs-if","tag-ifk-goteborg","tag-malmo-ff","tag-orgryte-is","tag-se","tag-sport","tag-sports","tag-svenska","tag-sverige","tag-sweden","tag-swedish"],"share_on_mastodon":{"url":"https:\/\/pubeurope.com\/@se\/117201194632050971","error":""},"_links":{"self":[{"href":"https:\/\/www.europesays.com\/se\/wp-json\/wp\/v2\/posts\/362382","targetHints":{"allow":["GET"]}}],"collection":[{"href":"https:\/\/www.europesays.com\/se\/wp-json\/wp\/v2\/posts"}],"about":[{"href":"https:\/\/www.europesays.com\/se\/wp-json\/wp\/v2\/types\/post"}],"author":[{"embeddable":true,"href":"https:\/\/www.europesays.com\/se\/wp-json\/wp\/v2\/users\/2"}],"replies":[{"embeddable":true,"href":"https:\/\/www.europesays.com\/se\/wp-json\/wp\/v2\/comments?post=362382"}],"version-history":[{"count":0,"href":"https:\/\/www.europesays.com\/se\/wp-json\/wp\/v2\/posts\/362382\/revisions"}],"wp:featuredmedia":[{"embeddable":true,"href":"https:\/\/www.europesays.com\/se\/wp-json\/wp\/v2\/media\/362383"}],"wp:attachment":[{"href":"https:\/\/www.europesays.com\/se\/wp-json\/wp\/v2\/media?parent=362382"}],"wp:term":[{"taxonomy":"category","embeddable":true,"href":"https:\/\/www.europesays.com\/se\/wp-json\/wp\/v2\/categories?post=362382"},{"taxonomy":"post_tag","embeddable":true,"href":"https:\/\/www.europesays.com\/se\/wp-json\/wp\/v2\/tags?post=362382"}],"curies":[{"name":"wp","href":"https:\/\/api.w.org\/{rel}","templated":true}]}}