{"id":362554,"date":"2026-09-02T13:12:08","date_gmt":"2026-09-02T13:12:08","guid":{"rendered":"https:\/\/www.europesays.com\/se\/362554\/"},"modified":"2026-09-02T13:12:08","modified_gmt":"2026-09-02T13:12:08","slug":"amin-boudri-skadad-missade-hammarbys-traning","status":"publish","type":"post","link":"https:\/\/www.europesays.com\/se\/362554\/","title":{"rendered":"Amin Boudri skadad \u2013 missade Hammarbys tr\u00e4ning"},"content":{"rendered":"<p class=\"wp-block-paragraph\">Amin Boudri saknades fr\u00e5n Hammarbys lagtr\u00e4ning p\u00e5 onsdagen efter kn\u00e4sm\u00e4llen i derbyt mot AIK. Den 21-\u00e5rige mittf\u00e4ltaren cyklade i st\u00e4llet vid sidan av planen och \u00e4r ett fr\u00e5getecken inf\u00f6r s\u00f6ndagens bortamatch mot \u00d6rgryte. Hammarby har \u00e4nnu inte l\u00e4mnat n\u00e5gon definitiv diagnos eller prognos.<\/p>\n<p class=\"wp-block-paragraph\">Boudri fick problem med kn\u00e4t redan tidigt i <a href=\"https:\/\/hurbra.se\/aik-hammarby-30-augusti-2026\/\" rel=\"nofollow noopener\" target=\"_blank\">derbyt mot AIK<\/a> den 30 augusti.<\/p>\n<p class=\"wp-block-paragraph\">Han fick behandling och f\u00f6rs\u00f6kte forts\u00e4tta spela, men kunde till slut inte fullf\u00f6lja matchen. Efter 28 minuter ersattes han av Tesfaldet Tekie.<\/p>\n<p class=\"wp-block-paragraph\">Hammarby skrev efter matchen att Boudri f\u00e5tt ont i kn\u00e4trakten och tvingats kliva av. Sedan dess har n\u00e5got definitivt skadebesked inte kommit.<\/p>\n<p class=\"wp-block-paragraph\">N\u00e4r Hammarby tr\u00e4nade p\u00e5 onsdagen var Boudri inte med i lagtr\u00e4ningen. I st\u00e4llet cyklade han vid sidan av gruppen.<\/p>\n<p class=\"wp-block-paragraph\">Det g\u00f6r hans medverkan mot \u00d6rgryte os\u00e4ker, men s\u00e4ger i sig inget om hur allvarlig skadan \u00e4r.<\/p>\n<p>\u00d6rgryte v\u00e4ntar redan p\u00e5 s\u00f6ndag<\/p>\n<p class=\"wp-block-paragraph\">N\u00e4sta allsvenska match kommer snabbt f\u00f6r Hammarby.<\/p>\n<p class=\"wp-block-paragraph\">Bajen m\u00f6ter \u00d6rgryte p\u00e5 bortaplan s\u00f6ndagen den 6 september. D\u00e4refter v\u00e4ntar Brommapojkarna hemma den 13 september och Degerfors borta den 20 september.<\/p>\n<tr>MatchDatum<\/tr>\n<tr>\n<td>\u00d6rgryte\u2013Hammarby<\/td>\n<td>6 september<\/td>\n<\/tr>\n<tr>\n<td>Hammarby\u2013BP<\/td>\n<td>13 september<\/td>\n<\/tr>\n<tr>\n<td>Degerfors\u2013Hammarby<\/td>\n<td>20 september<\/td>\n<\/tr>\n<tr>\n<td>Hammarby\u2013Djurg\u00e5rden<\/td>\n<td>11 oktober<\/td>\n<\/tr>\n<p class=\"wp-block-paragraph\">Det \u00e4r framf\u00f6r allt \u00d6rgrytematchen som \u00e4r ett konkret fr\u00e5getecken just nu.<\/p>\n<p class=\"wp-block-paragraph\">Att Boudri inte deltog i lagtr\u00e4ningen fyra dagar f\u00f6re avspark inneb\u00e4r inte automatiskt att han \u00e4r borta fr\u00e5n matchen. Det finns heller inget besked som visar att han kommer att missa m\u00f6tena med BP eller Degerfors.<\/p>\n<p class=\"wp-block-paragraph\">Hur m\u00e5nga matcher som eventuellt p\u00e5verkas g\u00e5r d\u00e4rf\u00f6r inte att sl\u00e5 fast f\u00f6rr\u00e4n Hammarby l\u00e4mnar mer information om kn\u00e4t.<\/p>\n<p>Boudri har snabbt spelat sig in i Hammarbys elva<\/p>\n<p class=\"wp-block-paragraph\">Ett avbr\u00e4ck skulle \u00e4nd\u00e5 komma ol\u00e4gligt.<\/p>\n<p class=\"wp-block-paragraph\">Boudri har p\u00e5 kort tid tagit en ordinarie plats i Henrik Rydstr\u00f6ms Hammarby. Efter sin f\u00f6rsta allsvenska start mot H\u00e4cken den 9 augusti har han startat fyra raka ligamatcher, mot H\u00e4cken, Kalmar, Gais och AIK.<\/p>\n<p class=\"wp-block-paragraph\">P\u00e5 sina fem allsvenska framtr\u00e4danden f\u00f6r klubben har han gjort fyra starter och noterats f\u00f6r tv\u00e5 assist.<\/p>\n<p class=\"wp-block-paragraph\">B\u00e5da framspelningarna kom i 4\u20130-segern borta mot Kalmar.<\/p>\n<p class=\"wp-block-paragraph\">Det g\u00f6r skadefr\u00e5gan mer betydelsefull \u00e4n om det hade handlat om en spelare som befunnit sig utanf\u00f6r startelvan. Boudri har redan blivit en del av det mittf\u00e4lt som Rydstr\u00f6m valt n\u00e4r Hammarby jagar topplaceringarna i Allsvenskan.<\/p>\n<p class=\"wp-block-paragraph\">Efter f\u00f6rlusten mot AIK ligger Bajen tv\u00e5a i tabellen. Varje ny fr\u00e5nvaro i en etablerad startelva f\u00e5r d\u00e4rf\u00f6r st\u00f6rre betydelse n\u00e4r marginalen f\u00f6r po\u00e4ngtapp minskar.<\/p>\n<p>S\u00e5 kan Hammarby ers\u00e4tta Boudri<\/p>\n<p class=\"wp-block-paragraph\">Hammarby st\u00e5r samtidigt inte utan alternativ.<\/p>\n<p class=\"wp-block-paragraph\">N\u00e4r Boudri tvingades ut mot AIK kom Tesfaldet Tekie in. Frank Junior Adjei kunde d\u00e5 flyttas till en annan roll p\u00e5 mittf\u00e4ltet.<\/p>\n<p class=\"wp-block-paragraph\">Nahir Besara \u00e4r ytterligare ett offensivt alternativ och fanns p\u00e5 b\u00e4nken i derbyt.<\/p>\n<p class=\"wp-block-paragraph\">Det finns allts\u00e5 flera s\u00e4tt f\u00f6r Rydstr\u00f6m att s\u00e4tta ihop mittf\u00e4ltet \u00e4ven utan Boudri. Fr\u00e5gan \u00e4r snarare vad laget f\u00f6rlorar om 21-\u00e5ringen inte kan spela.<\/p>\n<p class=\"wp-block-paragraph\">Boudri har bidragit med l\u00f6pkraft, f\u00f6rm\u00e5ga att transportera bollen och kreativitet fram\u00e5t. Att han s\u00e5 snabbt f\u00e5tt fyra raka starter visar ocks\u00e5 hur h\u00f6gt han redan st\u00e5r i konkurrensen.<\/p>\n<p class=\"wp-block-paragraph\">Ett enstaka missat m\u00f6te beh\u00f6ver d\u00e4rf\u00f6r inte f\u00f6r\u00e4ndra Hammarbys s\u00e4song, men en l\u00e4ngre fr\u00e5nvaro skulle ge Rydstr\u00f6m ett nytt problem mitt i den allsvenska slutspurten.<\/p>\n<p>Hammarby har \u00e4nnu inte l\u00e4mnat n\u00e5gon prognos<\/p>\n<p class=\"wp-block-paragraph\">Det viktigaste i nul\u00e4get \u00e4r samtidigt vad som inte \u00e4r k\u00e4nt.<\/p>\n<p class=\"wp-block-paragraph\">Hammarby har inte meddelat vilken typ av kn\u00e4skada Boudri har, om n\u00e5gon strukturell skada har konstaterats eller hur l\u00e4nge han kan bli borta.<\/p>\n<p class=\"wp-block-paragraph\">I <a href=\"https:\/\/www.hammarbyfotboll.se\/nyheter\/2-3-foerlust-i-solna\/\" rel=\"nofollow noopener\" target=\"_blank\">Hammarbys egen rapport fr\u00e5n AIK-matchen<\/a> konstaterade klubben att Boudri f\u00e5tt ont i kn\u00e4trakten och tvingats l\u00e4mna planen.<\/p>\n<p class=\"wp-block-paragraph\">Onsdagens individuella tr\u00e4ning visar att han \u00e4nnu inte \u00e4r tillbaka fullt med laget. Mer \u00e4n s\u00e5 g\u00e5r inte att sl\u00e5 fast.<\/p>\n<p class=\"wp-block-paragraph\">F\u00f6r Hammarby blir n\u00e4sta besked d\u00e4rf\u00f6r avg\u00f6rande inf\u00f6r \u00d6rgrytematchen. Om Boudri snabbt kan \u00e5terg\u00e5 till fotbollstr\u00e4ning kan avbrottet bli kort. Om han forts\u00e4tter st\u00e5 utanf\u00f6r gruppen \u00f6kar fr\u00e5getecknen inf\u00f6r s\u00f6ndagen.<\/p>\n<p class=\"wp-block-paragraph\">Tills klubben l\u00e4mnar en diagnos eller tidsplan finns det d\u00e4remot inget underlag f\u00f6r att beskriva kn\u00e4problemen som ett l\u00e4ngre skadeavbr\u00e4ck.<\/p>\n","protected":false},"excerpt":{"rendered":"Amin Boudri saknades fr\u00e5n Hammarbys lagtr\u00e4ning p\u00e5 onsdagen efter kn\u00e4sm\u00e4llen i derbyt mot AIK. Den 21-\u00e5rige mittf\u00e4ltaren cyklade&hellip;\n","protected":false},"author":2,"featured_media":362555,"comment_status":"","ping_status":"","sticky":false,"template":"","format":"standard","meta":{"footnotes":"","_share_on_mastodon":"0"},"categories":[68],"tags":[159,37186,3712,4263,18269,34,111,110,31,33,32,30],"class_list":["post-362554","post","type-post","status-publish","format-standard","has-post-thumbnail","category-sport","tag-allsvenskan","tag-amin-boudri","tag-hammarby","tag-henrik-rydstrom","tag-orgryte","tag-se","tag-sport","tag-sports","tag-svenska","tag-sverige","tag-sweden","tag-swedish"],"share_on_mastodon":{"url":"https:\/\/pubeurope.com\/@se\/117201623147503569","error":""},"_links":{"self":[{"href":"https:\/\/www.europesays.com\/se\/wp-json\/wp\/v2\/posts\/362554","targetHints":{"allow":["GET"]}}],"collection":[{"href":"https:\/\/www.europesays.com\/se\/wp-json\/wp\/v2\/posts"}],"about":[{"href":"https:\/\/www.europesays.com\/se\/wp-json\/wp\/v2\/types\/post"}],"author":[{"embeddable":true,"href":"https:\/\/www.europesays.com\/se\/wp-json\/wp\/v2\/users\/2"}],"replies":[{"embeddable":true,"href":"https:\/\/www.europesays.com\/se\/wp-json\/wp\/v2\/comments?post=362554"}],"version-history":[{"count":0,"href":"https:\/\/www.europesays.com\/se\/wp-json\/wp\/v2\/posts\/362554\/revisions"}],"wp:featuredmedia":[{"embeddable":true,"href":"https:\/\/www.europesays.com\/se\/wp-json\/wp\/v2\/media\/362555"}],"wp:attachment":[{"href":"https:\/\/www.europesays.com\/se\/wp-json\/wp\/v2\/media?parent=362554"}],"wp:term":[{"taxonomy":"category","embeddable":true,"href":"https:\/\/www.europesays.com\/se\/wp-json\/wp\/v2\/categories?post=362554"},{"taxonomy":"post_tag","embeddable":true,"href":"https:\/\/www.europesays.com\/se\/wp-json\/wp\/v2\/tags?post=362554"}],"curies":[{"name":"wp","href":"https:\/\/api.w.org\/{rel}","templated":true}]}}