{"id":362644,"date":"2026-09-02T14:16:18","date_gmt":"2026-09-02T14:16:18","guid":{"rendered":"https:\/\/www.europesays.com\/se\/362644\/"},"modified":"2026-09-02T14:16:18","modified_gmt":"2026-09-02T14:16:18","slug":"netanyahu-sa-att-han-avsiktligt-inte-vacktes-av-sakerhetsstyrkorna-pa-morgonen-den-7-oktober-2023","status":"publish","type":"post","link":"https:\/\/www.europesays.com\/se\/362644\/","title":{"rendered":"Netanyahu sa att han avsiktligt &#8221;inte v\u00e4cktes&#8221; av s\u00e4kerhetsstyrkorna p\u00e5 morgonen den 7 oktober 2023."},"content":{"rendered":"<p class=\"\" data-id-seo=\"paragraphs-0\"> I en intervju den 1 september sa Netanyahu: \u201dVarf\u00f6r v\u00e4ckte de mig inte? F\u00f6r de vet att som Israels <a class=\"data-link\" data-org-href=\"https:\/\/www.vietnam.vn\/sv\/tag\/thu-tuong\" href=\"https:\/\/www.vietnam.vn\/sv\/tag\/thu-tuong\" title=\"Premi\u00e4rminister\" target=\"_blank\" rel=\"nofollow noopener\">premi\u00e4rminister<\/a> skulle jag omedelbart beordra hela arm\u00e9n att s\u00e4ttas i beredskap och varna samh\u00e4llen n\u00e4ra gr\u00e4nsen till Gaza.\u201d<\/p>\n<p class=\"\" data-id-seo=\"paragraphs-1\"> Netanyahu sa att om han hade blivit underr\u00e4ttad tidigare hade m\u00e5nga n\u00f6d\u00e5tg\u00e4rder kunnat vidtas. Han lade dock inte fram n\u00e5gra bevis som st\u00f6der anklagelsen om att han inte avsiktligt inte v\u00e4cktes, enligt AFP. <\/p>\n<p><img decoding=\"async\" fetchpriority=\"high\" data-author=\"\" src=\"https:\/\/www.europesays.com\/se\/wp-content\/uploads\/2026\/09\/1788349413550_2026-08-10t111823z2133718736rc2iulatyh0lrtrmadp3israel-palestinians-gaza-plan-17883372.jpeg\" id=\"img_242862972044517376\" w=\"2560\" h=\"1706\" alt=\"Netanyahu s\u00e4ger att han medvetet \" inte=\"\" v=\"\" av=\"\" s=\"\" p=\"\" morgonen=\"\" den=\"\" oktober=\"\" foto=\"\" rel=\"lightbox\" photoid=\"242862972044517376\" data-original=\"https:\/\/images2.thanhnien.vn\/528068263637045248\/2026\/9\/2\/2026-08-10t111823z2133718736rc2iulatyh0lrtrmadp3israel-palestinians-gaza-plan-17883372867171167744043.jpg\" type=\"photo\" style=\"max-width:100%;;cursor:pointer\" width=\"2560\" height=\"1706\" data-id-seo=\"image-0\" data-nosnippet=\"\" \/><\/p>\n<p data-placeholder=\"Nh\u1eadp ch\u00fa th\u00edch \u1ea3nh\" spellcheck=\"false\" class=\"NLPlaceholderShow\"> Israels premi\u00e4rminister Benjamin Netanyahu h\u00e5ller en presskonferens i Jerusalem den 15 juni 2026. <\/p>\n<p class=\"\" data-id-seo=\"paragraphs-4\"> Uttalandet gjordes samtidigt som Netanyahu f\u00f6rbereder sig f\u00f6r ett avg\u00f6rande val senare i \u00e5r.<\/p>\n<p class=\"\" data-id-seo=\"paragraphs-5\"> Den israeliske ledaren har upprepade g\u00e5nger kritiserat s\u00e4kerhetstj\u00e4nstem\u00e4n f\u00f6r att inte ha varnat honom tillr\u00e4ckligt f\u00f6re attacken den 7 oktober. I en annan intervju den 31 augusti fortsatte Netanyahu att skylla p\u00e5 flera h\u00f6gt uppsatta generaler och Ronen Bar, d\u00e5varande chef f\u00f6r Israels Shin Bet-tj\u00e4nstemannaskydd.<\/p>\n<p class=\"\" data-id-seo=\"paragraphs-6\"> Enligt Netanyahu underskattade dessa tj\u00e4nstem\u00e4n Hamas f\u00f6rm\u00e5ga att inleda en storskalig attack och fruktade att en h\u00f6jning av beredskapsniv\u00e5n skulle kunna eskalera sp\u00e4nningarna. &#8221;De trodde inte att Hamas skulle attackera. De visste exakt vad jag skulle g\u00f6ra&#8221;, sa han.<\/p>\n<p class=\"\" data-id-seo=\"paragraphs-7\"> Netanyahus nya uttalanden kom bara en dag efter att Sara Netanyahu, den israeliske premi\u00e4rministerns hustru, riktade anklagelser mot Yair Golan, ledare f\u00f6r Demokraterna och tidigare bitr\u00e4dande stabschef f\u00f6r Israels f\u00f6rsvarsmakter (IDF).<\/p>\n<p class=\"\" data-id-seo=\"paragraphs-8\"> I en intervju p\u00e5 Israels Channel 14 antydde Sara Netanyahu att Golan kan ha k\u00e4nt till Hamas attackplaner i f\u00f6rv\u00e4g, med h\u00e4nvisning till hans tidiga n\u00e4rvaro i s\u00f6dra Israel den 7 oktober 2023. Golan \u00e5kte sedan till det Hamas-attackerade omr\u00e5det och deltog i r\u00e4ddningen av minst sex personer p\u00e5 <a class=\"data-link\" data-org-href=\"https:\/\/www.vietnam.vn\/sv\/category\/am-nhac\" href=\"https:\/\/www.vietnam.vn\/sv\/category\/am-nhac\" title=\"musik\" target=\"_blank\" rel=\"nofollow noopener\">musikfestivalen<\/a> Nova, d\u00e4r hundratals d\u00f6dades.<\/p>\n<p class=\"\" data-id-seo=\"paragraphs-9\"> Herr Golan avf\u00e4rdade anklagelsen och hotade att st\u00e4mma Sara Netanyahu och kr\u00e4vde en offentlig urs\u00e4kt inom 24 timmar och en ers\u00e4ttning p\u00e5 2,5 miljoner shekel (cirka 830 000 dollar). \u201dSara Netanyahu har spridit en falsk konspirationsteori f\u00f6r att skriva om h\u00e4ndelserna den 7 oktober 2023 och f\u00f6rvandlat de som gick ut f\u00f6r att r\u00e4dda liv till f\u00f6rr\u00e4dare\u201d, f\u00f6rklarade herr Golan.<\/p>\n<p class=\"\" data-id-seo=\"paragraphs-10\"> Gadi Eisenkot, tidigare stabschef f\u00f6r IDF och en av Netanyahus framst\u00e5ende <a class=\"data-link\" data-org-href=\"https:\/\/www.vietnam.vn\/sv\/category\/chinh-tri\" href=\"https:\/\/www.vietnam.vn\/sv\/category\/chinh-tri\" title=\"politik\" target=\"_blank\" rel=\"nofollow noopener\">politiska<\/a> motst\u00e5ndare, kritiserade ocks\u00e5 dessa anklagelser.<\/p>\n<p class=\"\" data-id-seo=\"paragraphs-11\"> Kontroversen utspelar sig mot bakgrund av den p\u00e5g\u00e5ende interna oenigheten i Israel om ansvaret f\u00f6r s\u00e4kerhetsmisslyckandet den 7 oktober 2023. Vissa anser att det fanns allvarliga brister i underr\u00e4ttelse- och ledningssystemen, medan konspirationsteorier antyder m\u00f6jligheten till &#8221;internt svek&#8221;, enligt AFP.<\/p>\n<p class=\"\" data-id-seo=\"paragraphs-12\"> Enligt en unders\u00f6kning gjord av Channel 13 i Israel i augusti trodde cirka 40 % av de tillfr\u00e5gade israelerna att interna faktorer bidrog till attacken.<\/p>\n<p class=\"\" data-id-seo=\"paragraphs-13\"> Enligt israeliska siffror d\u00f6dade Hamas-ledda attacken den 7 oktober 2023 cirka 1 200 m\u00e4nniskor i Israel och tog 251 som gisslan. Efter detta inledde Israel en storskalig <a class=\"data-link\" data-org-href=\"https:\/\/www.vietnam.vn\/sv\/category\/quan-su\" href=\"https:\/\/www.vietnam.vn\/sv\/category\/quan-su\" title=\"milit\u00e4r\" target=\"_blank\" rel=\"nofollow noopener\">milit\u00e4r<\/a> operation i Gazaremsan. Gazas h\u00e4lsov\u00e5rdsmyndighet rapporterade att d\u00f6dssiffran i omr\u00e5det hade \u00f6verstigit 73 000. <\/p>\n<p class=\"NLPlaceholderShow\" data-placeholder=\"[nh\u1eadp ch\u00fa th\u00edch]\" style=\"text-align: center;\"> Putin och Xi deltar i Shanghais toppm\u00f6te i Kirgizistan. <\/p>\n<p class=\"mb-0\"> K\u00e4lla: https:\/\/thanhnien.vn\/ong-netanyahu-noi-bi-gioi-an-ninh-co-tinh-khong-danh-thuc-sang-7102023-185260902152701602.htm<\/p>\n","protected":false},"excerpt":{"rendered":"I en intervju den 1 september sa Netanyahu: \u201dVarf\u00f6r v\u00e4ckte de mig inte? F\u00f6r de vet att som&hellip;\n","protected":false},"author":2,"featured_media":362645,"comment_status":"","ping_status":"","sticky":false,"template":"","format":"standard","meta":{"footnotes":"","_share_on_mastodon":"0"},"categories":[14],"tags":[41521,22,23,26,27,121,122,17,21,41522,24,25,28,29,5569,15,16,18,34,31,33,32,30,19,20,51,52,53,54],"class_list":["post-362644","post","type-post","status-publish","format-standard","has-post-thumbnail","category-varlden","tag-attacken-den-7-oktober-2023","tag-breaking-news","tag-breakingnews","tag-featured-news","tag-featurednews","tag-gaza","tag-hamas","tag-headlines","tag-huvudnyheter","tag-israels-premiarminister","tag-latest-news","tag-latestnews","tag-main-news","tag-mainnews","tag-netanyahu","tag-news","tag-nyheter","tag-rubriker","tag-se","tag-svenska","tag-sverige","tag-sweden","tag-swedish","tag-top-stories","tag-topstories","tag-varlden","tag-world","tag-world-news","tag-worldnews"],"share_on_mastodon":{"url":"https:\/\/pubeurope.com\/@se\/117201875342748707","error":""},"_links":{"self":[{"href":"https:\/\/www.europesays.com\/se\/wp-json\/wp\/v2\/posts\/362644","targetHints":{"allow":["GET"]}}],"collection":[{"href":"https:\/\/www.europesays.com\/se\/wp-json\/wp\/v2\/posts"}],"about":[{"href":"https:\/\/www.europesays.com\/se\/wp-json\/wp\/v2\/types\/post"}],"author":[{"embeddable":true,"href":"https:\/\/www.europesays.com\/se\/wp-json\/wp\/v2\/users\/2"}],"replies":[{"embeddable":true,"href":"https:\/\/www.europesays.com\/se\/wp-json\/wp\/v2\/comments?post=362644"}],"version-history":[{"count":0,"href":"https:\/\/www.europesays.com\/se\/wp-json\/wp\/v2\/posts\/362644\/revisions"}],"wp:featuredmedia":[{"embeddable":true,"href":"https:\/\/www.europesays.com\/se\/wp-json\/wp\/v2\/media\/362645"}],"wp:attachment":[{"href":"https:\/\/www.europesays.com\/se\/wp-json\/wp\/v2\/media?parent=362644"}],"wp:term":[{"taxonomy":"category","embeddable":true,"href":"https:\/\/www.europesays.com\/se\/wp-json\/wp\/v2\/categories?post=362644"},{"taxonomy":"post_tag","embeddable":true,"href":"https:\/\/www.europesays.com\/se\/wp-json\/wp\/v2\/tags?post=362644"}],"curies":[{"name":"wp","href":"https:\/\/api.w.org\/{rel}","templated":true}]}}