{"id":362858,"date":"2026-09-02T16:24:38","date_gmt":"2026-09-02T16:24:38","guid":{"rendered":"https:\/\/www.europesays.com\/se\/362858\/"},"modified":"2026-09-02T16:24:38","modified_gmt":"2026-09-02T16:24:38","slug":"kevin-ackermann-presenterades-genom-julfilmklassiker-skitkul","status":"publish","type":"post","link":"https:\/\/www.europesays.com\/se\/362858\/","title":{"rendered":"Kevin Ackermann presenterades genom julfilmklassiker: \u201dSkitkul\u201d"},"content":{"rendered":"<p>Publicerad 2 sep 2026 kl 15.29<\/p>\n<p>PremiumHan presenterades som h\u00e4mtad ur en julfilmsklassiker.<\/p>\n<p>Nu \u00e4r Kevin Ackermann, 25, p\u00e5 plats hos IFK G\u00f6teborg \u2013 och ber\u00e4ttar varf\u00f6r valet f\u00f6ll p\u00e5 Bl\u00e5vitt, den speciella relationen med klubben och tiden med utlandsrykten.<\/p>\n<p>\u2013 Det har varit utmanande, erk\u00e4nner nyf\u00f6rv\u00e4rvet.<\/p>\n<p><a href=\"https:\/\/livesport.expressen.se\/sv\/livestream\/s-bk-olympic-ifk-goteborg-i6yhvs\" rel=\"nofollow noopener\" target=\"_blank\">Se IFK G\u00f6teborgs cupmatch mot BK Olympic p\u00e5 Expressen<\/a><\/p>\n","protected":false},"excerpt":{"rendered":"Publicerad 2 sep 2026 kl 15.29 PremiumHan presenterades som h\u00e4mtad ur en julfilmsklassiker. Nu \u00e4r Kevin Ackermann, 25,&hellip;\n","protected":false},"author":2,"featured_media":362859,"comment_status":"","ping_status":"","sticky":false,"template":"","format":"standard","meta":{"footnotes":"","_share_on_mastodon":"0"},"categories":[68],"tags":[159,138,1102,40928,103,34,111,110,31,33,32,30],"class_list":["post-362858","post","type-post","status-publish","format-standard","has-post-thumbnail","category-sport","tag-allsvenskan","tag-fotboll","tag-ifk-goteborg","tag-kevin-ackermann","tag-premium","tag-se","tag-sport","tag-sports","tag-svenska","tag-sverige","tag-sweden","tag-swedish"],"share_on_mastodon":{"url":"https:\/\/pubeurope.com\/@se\/117202378313692777","error":""},"_links":{"self":[{"href":"https:\/\/www.europesays.com\/se\/wp-json\/wp\/v2\/posts\/362858","targetHints":{"allow":["GET"]}}],"collection":[{"href":"https:\/\/www.europesays.com\/se\/wp-json\/wp\/v2\/posts"}],"about":[{"href":"https:\/\/www.europesays.com\/se\/wp-json\/wp\/v2\/types\/post"}],"author":[{"embeddable":true,"href":"https:\/\/www.europesays.com\/se\/wp-json\/wp\/v2\/users\/2"}],"replies":[{"embeddable":true,"href":"https:\/\/www.europesays.com\/se\/wp-json\/wp\/v2\/comments?post=362858"}],"version-history":[{"count":0,"href":"https:\/\/www.europesays.com\/se\/wp-json\/wp\/v2\/posts\/362858\/revisions"}],"wp:featuredmedia":[{"embeddable":true,"href":"https:\/\/www.europesays.com\/se\/wp-json\/wp\/v2\/media\/362859"}],"wp:attachment":[{"href":"https:\/\/www.europesays.com\/se\/wp-json\/wp\/v2\/media?parent=362858"}],"wp:term":[{"taxonomy":"category","embeddable":true,"href":"https:\/\/www.europesays.com\/se\/wp-json\/wp\/v2\/categories?post=362858"},{"taxonomy":"post_tag","embeddable":true,"href":"https:\/\/www.europesays.com\/se\/wp-json\/wp\/v2\/tags?post=362858"}],"curies":[{"name":"wp","href":"https:\/\/api.w.org\/{rel}","templated":true}]}}