{"id":36311,"date":"2025-09-22T05:11:07","date_gmt":"2025-09-22T05:11:07","guid":{"rendered":"https:\/\/www.europesays.com\/se\/36311\/"},"modified":"2025-09-22T05:11:07","modified_gmt":"2025-09-22T05:11:07","slug":"thielska-galleriet-firar-100-ar-med-utstallning-litet-mirakel-kulturnytt","status":"publish","type":"post","link":"https:\/\/www.europesays.com\/se\/36311\/","title":{"rendered":"Thielska galleriet firar 100 \u00e5r med utst\u00e4llning: \u201dLitet mirakel\u201d &#8211; Kulturnytt"},"content":{"rendered":"<p>&#8221;Det var den b\u00e4sta av tider, det var den s\u00e4msta av tider&#8221;<\/p>\n<p>Dickens ber\u00f6mda inledningsrad i romanen Tv\u00e5 st\u00e4der syftade egentligen p\u00e5 sekelskiftet 1800 &#8211; men kunde lika g\u00e4rna g\u00e4lla det f\u00f6ljande. <\/p>\n<p>P\u00e5 Thielska sl\u00e5r Sigrid Hjert\u00e9n an tonen direkt med sin stora m\u00e5lning Maskeraden fr\u00e5n 1916: uttr\u00e5kade ansikten med bortv\u00e4nda blickar, som gapande h\u00e5l i den expressionistiska f\u00e4rgprakten. <\/p>\n<p>F\u00f6r Ernest Thiels del tog festen slut i mitten av 20-talet, lyckligtvis n\u00e4r staten var stadd vid kassa och kunde ta \u00f6ver b\u00e5de hus och samling. S\u00e5 nu kan vi alla spankulera omkring i ett av landets finaste museer och undra hur kul de hade det, egentligen?<\/p>\n<p>Ett tekniskt problem som inst\u00e4ller sig n\u00e4r man m\u00e5lar glada uppt\u00e5g \u00e4r hur liv och r\u00f6relse ska skildras, i ett stillast\u00e5ende medium. <\/p>\n<p>I sin sista, m\u00f6jligen oavslutade och n\u00e4stan fyra meter h\u00f6ga Cirkusscen (1913-14) st\u00e4ller Eug\u00e8ne Jansson m\u00e5lningens blickf\u00e5ng &#8211; en atletisk akrobat med en kollega p\u00e5 armen &#8211; ovanp\u00e5 en svart h\u00e4st, som tycks p\u00e5 v\u00e4g att dundra rakt ut genom duken.<\/p>\n<p>Den \u00e4r faktiskt lite sv\u00e5r att urskilja, vilket i st\u00e4llet l\u00e4mnar plats \u00e5t fantasin. Vi f\u00f6rest\u00e4ller oss den frustande r\u00f6relsen under de mirakul\u00f6st stillast\u00e5ende akrobaterna. <\/p>\n<p>Richard Bergs lilla &#8221;Variet\u00e9&#8221; (1887) \u00e4r ocks\u00e5 ett litet mirakel i impressionistisk r\u00f6relseatmosf\u00e4r. Men balens drottning \u00e4r \u00e4nd\u00e5 G\u00f6sta von Hennigs &#8221;Cabaret&#8221; fr\u00e5n 1902.<\/p>\n<p>En dans\u00f6s i r\u00f6tt, nedanf\u00f6r ett m\u00f6rklagt folkhav, liksom v\u00e4lvt &#8211; som en svart v\u00e5g &#8211; \u00f6ver hennes h\u00e5rt belysta gestalt. <\/p>\n<p>Och dansen som f\u00e5r hennes kl\u00e4nning att brinna. <\/p>\n<p class=\"byline\">M\u00e5rten Arndtz\u00e9n<br \/><a class=\"internal-link\" target=\"_self\" href=\"https:\/\/www.sverigesradio.se\/artikel\/mailto:marten.arndtzen@sverigesradio.se\" rel=\"nofollow noopener\">marten.arndtzen@sverigesradio.se<\/a><\/p>\n","protected":false},"excerpt":{"rendered":"&#8221;Det var den b\u00e4sta av tider, det var den s\u00e4msta av tider&#8221; Dickens ber\u00f6mda inledningsrad i romanen Tv\u00e5&hellip;\n","protected":false},"author":2,"featured_media":36312,"comment_status":"","ping_status":"","sticky":false,"template":"","format":"standard","meta":{"footnotes":""},"categories":[67],"tags":[900,904,104,903,902,194,898,899,787,171,901,34,31,33,32,30,905,105],"class_list":{"0":"post-36311","1":"post","2":"type-post","3":"status-publish","4":"format-standard","5":"has-post-thumbnail","7":"category-underhallning","8":"tag-bcker","9":"tag-dans","10":"tag-entertainment","11":"tag-film","12":"tag-konst","13":"tag-kultur","14":"tag-kulturnyheter","15":"tag-kulturnytt","16":"tag-lyssna","17":"tag-radio","18":"tag-recensioner","19":"tag-se","20":"tag-svenska","21":"tag-sverige","22":"tag-sweden","23":"tag-swedish","24":"tag-teater","25":"tag-underhallning"},"share_on_mastodon":{"url":"","error":""},"_links":{"self":[{"href":"https:\/\/www.europesays.com\/se\/wp-json\/wp\/v2\/posts\/36311","targetHints":{"allow":["GET"]}}],"collection":[{"href":"https:\/\/www.europesays.com\/se\/wp-json\/wp\/v2\/posts"}],"about":[{"href":"https:\/\/www.europesays.com\/se\/wp-json\/wp\/v2\/types\/post"}],"author":[{"embeddable":true,"href":"https:\/\/www.europesays.com\/se\/wp-json\/wp\/v2\/users\/2"}],"replies":[{"embeddable":true,"href":"https:\/\/www.europesays.com\/se\/wp-json\/wp\/v2\/comments?post=36311"}],"version-history":[{"count":0,"href":"https:\/\/www.europesays.com\/se\/wp-json\/wp\/v2\/posts\/36311\/revisions"}],"wp:featuredmedia":[{"embeddable":true,"href":"https:\/\/www.europesays.com\/se\/wp-json\/wp\/v2\/media\/36312"}],"wp:attachment":[{"href":"https:\/\/www.europesays.com\/se\/wp-json\/wp\/v2\/media?parent=36311"}],"wp:term":[{"taxonomy":"category","embeddable":true,"href":"https:\/\/www.europesays.com\/se\/wp-json\/wp\/v2\/categories?post=36311"},{"taxonomy":"post_tag","embeddable":true,"href":"https:\/\/www.europesays.com\/se\/wp-json\/wp\/v2\/tags?post=36311"}],"curies":[{"name":"wp","href":"https:\/\/api.w.org\/{rel}","templated":true}]}}