{"id":36321,"date":"2025-09-22T05:20:07","date_gmt":"2025-09-22T05:20:07","guid":{"rendered":"https:\/\/www.europesays.com\/se\/36321\/"},"modified":"2025-09-22T05:20:07","modified_gmt":"2025-09-22T05:20:07","slug":"apple-uppges-uppmana-leverantorer-att-oka-produktionen-av-iphone-17","status":"publish","type":"post","link":"https:\/\/www.europesays.com\/se\/36321\/","title":{"rendered":"Apple uppges uppmana leverant\u00f6rer att \u00f6ka produktionen av Iphone 17"},"content":{"rendered":"<p>&#13;<br \/>\n                        Uppmaningen, som uppges ha g\u00e5tt ut till minst tv\u00e5 leverant\u00f6rer (Luxshare Precision och Foxconn), indikerar att fler konsumenter \u00e4n vad Apple r\u00e4knat med har f\u00f6redragit den billigare standardversionen av Iphone 17 \u00f6ver premiummodellerna inom samma serie. Prisskillnaden mellan dessa startar p\u00e5 400 dollar och upp\u00e5t.<\/p>\n<p>Standardversionen av Iphone 17, som b\u00f6rjade s\u00e4ljas i fredags, inkluderar nu sk\u00e4rm- och kamerauppgraderingar som tidigare var begr\u00e4nsade till Pro-modellerna, vilket minskar gapet till Apples dyrare versioner.<\/p>\n<p>Analytiker har sagt att f\u00f6rs\u00e4ljningen av billigare modeller kan tynga Apples vinstmarginaler, \u00e4ven om de hj\u00e4lper f\u00f6retaget att f\u00f6rsvara marknadsandelar.&#13;\n                    <\/p>\n","protected":false},"excerpt":{"rendered":"&#13; Uppmaningen, som uppges ha g\u00e5tt ut till minst tv\u00e5 leverant\u00f6rer (Luxshare Precision och Foxconn), indikerar att fler&hellip;\n","protected":false},"author":2,"featured_media":3459,"comment_status":"","ping_status":"","sticky":false,"template":"","format":"standard","meta":{"footnotes":""},"categories":[66],"tags":[454,453,451,452,80,78,79,34,31,33,32,30,81,84,455,83,82],"class_list":{"0":"post-36321","1":"post","2":"type-post","3":"status-publish","4":"format-standard","5":"has-post-thumbnail","7":"category-vetenskap-och-teknik","8":"tag-ekonomisk-analys","9":"tag-finans","10":"tag-finansiella-nyheter","11":"tag-investera","12":"tag-science","13":"tag-science-and-technology","14":"tag-scienceandtechnology","15":"tag-se","16":"tag-svenska","17":"tag-sverige","18":"tag-sweden","19":"tag-swedish","20":"tag-technology","21":"tag-teknik","22":"tag-trading","23":"tag-vetenskap","24":"tag-vetenskapteknik"},"share_on_mastodon":{"url":"","error":""},"_links":{"self":[{"href":"https:\/\/www.europesays.com\/se\/wp-json\/wp\/v2\/posts\/36321","targetHints":{"allow":["GET"]}}],"collection":[{"href":"https:\/\/www.europesays.com\/se\/wp-json\/wp\/v2\/posts"}],"about":[{"href":"https:\/\/www.europesays.com\/se\/wp-json\/wp\/v2\/types\/post"}],"author":[{"embeddable":true,"href":"https:\/\/www.europesays.com\/se\/wp-json\/wp\/v2\/users\/2"}],"replies":[{"embeddable":true,"href":"https:\/\/www.europesays.com\/se\/wp-json\/wp\/v2\/comments?post=36321"}],"version-history":[{"count":0,"href":"https:\/\/www.europesays.com\/se\/wp-json\/wp\/v2\/posts\/36321\/revisions"}],"wp:featuredmedia":[{"embeddable":true,"href":"https:\/\/www.europesays.com\/se\/wp-json\/wp\/v2\/media\/3459"}],"wp:attachment":[{"href":"https:\/\/www.europesays.com\/se\/wp-json\/wp\/v2\/media?parent=36321"}],"wp:term":[{"taxonomy":"category","embeddable":true,"href":"https:\/\/www.europesays.com\/se\/wp-json\/wp\/v2\/categories?post=36321"},{"taxonomy":"post_tag","embeddable":true,"href":"https:\/\/www.europesays.com\/se\/wp-json\/wp\/v2\/tags?post=36321"}],"curies":[{"name":"wp","href":"https:\/\/api.w.org\/{rel}","templated":true}]}}