{"id":363261,"date":"2026-09-02T20:59:17","date_gmt":"2026-09-02T20:59:17","guid":{"rendered":"https:\/\/www.europesays.com\/se\/363261\/"},"modified":"2026-09-02T20:59:17","modified_gmt":"2026-09-02T20:59:17","slug":"henrik-sedin-i-stor-intervju-om-vancouver-tre-kronor-och-sverige-hockey","status":"publish","type":"post","link":"https:\/\/www.europesays.com\/se\/363261\/","title":{"rendered":"Henrik Sedin i stor intervju om Vancouver, Tre Kronor och Sverige | Hockey"},"content":{"rendered":"<p>Publicerad 2 sep 2026 kl 20.25<\/p>\n<p>PremiumDeras klubb har k\u00f6rt p\u00e5 grund med en svensk stj\u00e4rna som inte motsvarar f\u00f6rv\u00e4ntningarna.<\/p>\n<p>S\u00e5, varf\u00f6r vill br\u00f6derna Sedin ta \u00f6ver Vancouver Canucks just nu?<\/p>\n<p>I en stor intervju med Expressen ber\u00e4ttar Henrik Sedin om nya jobbet, \u00e5ren utanf\u00f6r ishockeyn, vad Tre Kronor beh\u00f6ver g\u00f6ra f\u00f6r att f\u00e5 framg\u00e5ng och n\u00e4r en flytt till Sverige kan bli aktuell.<\/p>\n<p>\u2013 Det \u00e4r n\u00e4rmare \u00e4n tio \u00e5r, absolut.\u00a0<\/p>\n<p><img   alt=\"\"\/><\/p>\n<p>Henrik Sedin.<\/p>\n<p>Foto: EMMA-SOFIA OLSSON<\/p>\n<p>\u00d6ppna bild i helsk\u00e4rm<img loading=\"lazy\"   alt=\"\"\/><\/p>\n<p>Henrik Sedin och Daniel Sedin.<\/p>\n<p>Foto: Gunnar Nordstr\u00f6m \/ Gunnar Nordstr\u00f6m<\/p>\n<p>\u00d6ppna bild i helsk\u00e4rm<\/p>\n","protected":false},"excerpt":{"rendered":"Publicerad 2 sep 2026 kl 20.25 PremiumDeras klubb har k\u00f6rt p\u00e5 grund med en svensk stj\u00e4rna som inte&hellip;\n","protected":false},"author":2,"featured_media":363262,"comment_status":"","ping_status":"","sticky":false,"template":"","format":"standard","meta":{"footnotes":"","_share_on_mastodon":"0"},"categories":[68],"tags":[39093,1472,103,34,111,110,31,33,32,30],"class_list":["post-363261","post","type-post","status-publish","format-standard","has-post-thumbnail","category-sport","tag-henrik-sedin","tag-ishockey","tag-premium","tag-se","tag-sport","tag-sports","tag-svenska","tag-sverige","tag-sweden","tag-swedish"],"share_on_mastodon":{"url":"https:\/\/pubeurope.com\/@se\/117203459592639633","error":""},"_links":{"self":[{"href":"https:\/\/www.europesays.com\/se\/wp-json\/wp\/v2\/posts\/363261","targetHints":{"allow":["GET"]}}],"collection":[{"href":"https:\/\/www.europesays.com\/se\/wp-json\/wp\/v2\/posts"}],"about":[{"href":"https:\/\/www.europesays.com\/se\/wp-json\/wp\/v2\/types\/post"}],"author":[{"embeddable":true,"href":"https:\/\/www.europesays.com\/se\/wp-json\/wp\/v2\/users\/2"}],"replies":[{"embeddable":true,"href":"https:\/\/www.europesays.com\/se\/wp-json\/wp\/v2\/comments?post=363261"}],"version-history":[{"count":0,"href":"https:\/\/www.europesays.com\/se\/wp-json\/wp\/v2\/posts\/363261\/revisions"}],"wp:featuredmedia":[{"embeddable":true,"href":"https:\/\/www.europesays.com\/se\/wp-json\/wp\/v2\/media\/363262"}],"wp:attachment":[{"href":"https:\/\/www.europesays.com\/se\/wp-json\/wp\/v2\/media?parent=363261"}],"wp:term":[{"taxonomy":"category","embeddable":true,"href":"https:\/\/www.europesays.com\/se\/wp-json\/wp\/v2\/categories?post=363261"},{"taxonomy":"post_tag","embeddable":true,"href":"https:\/\/www.europesays.com\/se\/wp-json\/wp\/v2\/tags?post=363261"}],"curies":[{"name":"wp","href":"https:\/\/api.w.org\/{rel}","templated":true}]}}