{"id":363389,"date":"2026-09-02T22:38:15","date_gmt":"2026-09-02T22:38:15","guid":{"rendered":"https:\/\/www.europesays.com\/se\/363389\/"},"modified":"2026-09-02T22:38:15","modified_gmt":"2026-09-02T22:38:15","slug":"nba-laget-falls-agaren-tvingas-betala-288-miljoner","status":"publish","type":"post","link":"https:\/\/www.europesays.com\/se\/363389\/","title":{"rendered":"NBA-laget f\u00e4lls \u2013 \u00e4garen tvingas betala 288 miljoner"},"content":{"rendered":"<p>  <a class=\"_link_1lr5y_108\" href=\"https:\/\/aftonbladet.se\/av\/alexander-jonsson\" title=\"Alexander Jonsson\" rel=\"nofollow noopener\" target=\"_blank\"><img alt=\"Bild av Alexander Jonsson\" class=\"_image_1lr5y_85\" fetchpriority=\"low\" decoding=\"async\" itemprop=\"image\" loading=\"lazy\"  src=\"https:\/\/www.europesays.com\/se\/wp-content\/uploads\/2026\/09\/1788388694_299_1c3b889a-02c2-4870-b49a-c09d6332602f.png\"  width=\"480\"\/><\/a> <img alt=\"LA Clippers hemvist Intuit Dome.\" class=\"_image_1jxax_84 layout-component layout-wide\" data-fullscreen- data-track-element-type=\"Article image fullscreen\" data-track-name=\"ImageFullscreen\" fetchpriority=\"high\" decoding=\"sync\" loading=\"eager\" height=\"3357\" itemprop=\"image\"  src=\"https:\/\/www.europesays.com\/se\/wp-content\/uploads\/2026\/09\/25bf2365-4339-388f-a6a8-3ef80fb41b84.jpeg\"  style=\"object-position:0% 0%\" width=\"5035\"\/>LA Clippers hemvist Intuit Dome.  Foto: Jae C. Hong \/ APVisa mer<\/p>\n<p class=\"_textTheme_4io5p_1 _lead_16k26_2 _lead_3ue4t_18 layout-component layout-normal layout-padded _lead_o6m9k_5 _leadTheme_cypwp_1 body-large bold\">Los Angeles Clippers har utretts i \u00f6ver ett \u00e5r. <\/p>\n<p class=\"_textTheme_4io5p_1 _lead_16k26_2 _lead_3ue4t_18 layout-component layout-normal layout-padded _lead_o6m9k_5 _leadTheme_cypwp_1 body-large bold\">Man misst\u00e4nks ha betalat stj\u00e4rnspelaren Kawhi Leonard pengar utanf\u00f6r l\u00f6entaket. <\/p>\n<p class=\"_textTheme_4io5p_1 _lead_16k26_2 _lead_3ue4t_18 layout-component layout-normal layout-padded _lead_o6m9k_5 _leadTheme_cypwp_1 body-large bold\">Nu f\u00e4lls klubben som tvingas betala 288 miljoner kronor, skriver <a href=\"https:\/\/www.instagram.com\/p\/DczFci_B8d5\/\" class=\"_link_16k26_32\" rel=\"nofollow noopener\" target=\"_blank\">ESPN<\/a>. <\/p>\n<p class=\"_textTheme_4io5p_1 _paragraph_16k26_4 _paragraph_3ue4t_27 layout-component layout-normal layout-padded body-medium\">NBA har utrett klubben i \u00f6ver ett \u00e5r och \u00e4ven FBI har varit involverat. <\/p>\n<p class=\"_textTheme_4io5p_1 _paragraph_16k26_4 _paragraph_3ue4t_27 layout-component layout-normal layout-padded body-medium\">Stj\u00e4rnspelaren Kawhi Leonard, 35, ska ha f\u00e5tt extra betalt ut\u00f6ver den l\u00f6n fr\u00e5n sitt kontrakt och p\u00e5 s\u00e5 s\u00e4tt ska man ha kringg\u00e5tt ligans l\u00f6netakssystem. <\/p>\n<p class=\"_textTheme_4io5p_1 _paragraph_16k26_4 _paragraph_3ue4t_27 layout-component layout-normal layout-padded body-medium\">Tidigare har <a href=\"https:\/\/www.instagram.com\/p\/DczFci_B8d5\/\" class=\"_link_16k26_32\" rel=\"nofollow noopener\" target=\"_blank\">ESPN<\/a> rapporterat om att man inte hittat n\u00e5gra bevis f\u00f6r saken. <\/p>\n<p class=\"_textTheme_4io5p_1 _paragraph_16k26_4 _paragraph_3ue4t_27 layout-component layout-normal layout-padded body-medium\">Men nu kommer en v\u00e4ndning. <\/p>\n<p class=\"_textTheme_4io5p_1 _paragraph_16k26_4 _paragraph_3ue4t_27 layout-component layout-normal layout-padded body-medium\">I NBA:s utredning f\u00e4ller man nu f\u00f6r \u00e4rendet. <\/p>\n<p class=\"_textTheme_4io5p_1 _paragraph_16k26_4 _paragraph_3ue4t_27 layout-component layout-normal layout-padded body-medium\">Leonard tvingas betala tillbaka 6,7 miljoner kronor medan klubben f\u00e5r hosta upp 288 miljoner kronor. <\/p>\n<p> <img alt=\"Tidigare amerikanske presidenten Barack Obama och LA Clippers \u00e4gare Steve Ballmer.\" class=\"_image_1jxax_84 layout-component layout-normal\" data-fullscreen- data-track-element-type=\"Article image fullscreen\" data-track-name=\"ImageFullscreen\" decoding=\"async\" loading=\"lazy\" height=\"1334\" itemprop=\"image\"  src=\"https:\/\/www.europesays.com\/se\/wp-content\/uploads\/2026\/09\/b7eada1c-46ac-3906-b30f-38c26f0bc301.jpeg\"  style=\"object-position:0% 0%\" width=\"2000\"\/>Tidigare amerikanske presidenten Barack Obama och LA Clippers \u00e4gare Steve Ballmer. Foto: Mark J. Terrill \/ APVisa mer Fyra personer st\u00e4ngs av <\/p>\n<p class=\"_textTheme_4io5p_1 _paragraph_16k26_4 _paragraph_3ue4t_27 layout-component layout-normal layout-padded body-medium\">Samtidigt st\u00e4ngs Leonards d\u00e5varande agent, Dennis Robertson, av fr\u00e5n NBA. <\/p>\n<p class=\"_textTheme_4io5p_1 _paragraph_16k26_4 _paragraph_3ue4t_27 layout-component layout-normal layout-padded body-medium\">Clippers blir ocks\u00e5 av med fem kommande draftval. <\/p>\n<p class=\"_textTheme_4io5p_1 _paragraph_16k26_4 _paragraph_3ue4t_27 layout-component layout-normal layout-padded body-medium\">\u00c4garen Steve Ballmer st\u00e4ngs av ett \u00e5r, presidenten Lawrence Frank ett \u00e5r utan l\u00f6n och den andra presidenten, Gillian Zucker, i sex m\u00e5nader utan l\u00f6n. <\/p>\n<p> Betalade genom andra f\u00f6retag <\/p>\n<p class=\"_textTheme_4io5p_1 _paragraph_16k26_4 _paragraph_3ue4t_27 layout-component layout-normal layout-padded body-medium\">Ballmer ska ha betalat Leonard extra l\u00f6n genom f\u00f6retaget Aspiration utan dennes vetskap. <\/p>\n<p class=\"_textTheme_4io5p_1 _paragraph_16k26_4 _paragraph_3ue4t_27 layout-component layout-normal layout-padded body-medium\">B\u00e5de Clippers och Leonard ingick varsitt sponsoravtal med Aspiration, vilket i sig inte \u00e4r n\u00e5got olagligt. Problemet \u00e4r att Leonard inte ska ha gjort n\u00e5gon form av marknadsf\u00f6ring f\u00f6r pengarna och d\u00e4rmed f\u00e5tt de \u201dgratis\u201d. <\/p>\n<p class=\"_textTheme_4io5p_1 _paragraph_16k26_4 _paragraph_3ue4t_27 layout-component layout-normal layout-padded body-medium\">Leonard ska \u00e4ven ha f\u00e5tt betalt genom ett annat f\u00f6retag, Daktronics, och inte heller d\u00e4r i utbyte mot n\u00e5got jobb. <\/p>\n<p> <img alt=\"Kawhi Leonard.\" class=\"_image_1jxax_84 layout-component layout-normal\" data-fullscreen- data-track-element-type=\"Article image fullscreen\" data-track-name=\"ImageFullscreen\" decoding=\"async\" loading=\"lazy\" height=\"5364\" itemprop=\"image\"  src=\"https:\/\/www.europesays.com\/se\/wp-content\/uploads\/2026\/09\/b062d7aa-aafb-3356-927a-494cf20f3229.jpeg\"  style=\"object-position:0% 0%\" width=\"8046\"\/>Kawhi Leonard. Foto: Aaron Gash  \/AP\/TTVisa mer \u201dTar fullt ansvar\u201d <\/p>\n<p class=\"_textTheme_4io5p_1 _paragraph_16k26_4 _paragraph_3ue4t_27 layout-component layout-normal layout-padded body-medium\">Leonard i sin tur st\u00e4ngs inte av. Han menar att han lurades av personer i klubben och hans agent. <\/p>\n<p class=\"_textTheme_4io5p_1 _paragraph_16k26_4 _paragraph_3ue4t_27 layout-component layout-normal layout-padded body-medium\">\u2013 Jag tar fullt ansvar f\u00f6r bristande omd\u00f6me hos personer i min n\u00e4rmaste krets och beklagar den distraktion som denna situation har orsakat fansen och min familj. Jag ingick mitt kontrakt med Clippers, liksom de aktuella avtalen, i god tro \u2013 fullt inst\u00e4lld p\u00e5 att uppfylla mina \u00e5taganden och helt ovetande om att n\u00e5gon hade f\u00f6r avsikt att kringg\u00e5 l\u00f6netaket, s\u00e4ger spelaren. <\/p>\n<p class=\"_textTheme_4io5p_1 _paragraph_16k26_4 _paragraph_3ue4t_27 layout-component layout-normal layout-padded body-medium\">NBA kommer inf\u00f6ra ett program f\u00f6r regelefterlevnad och \u00f6vervakning som kommer g\u00e4lla f\u00f6r Clippers de kommande fem \u00e5ren. <\/p>\n<p class=\"_textTheme_4io5p_1 _paragraph_16k26_4 _paragraph_3ue4t_27 layout-component layout-normal layout-padded body-medium\">Clippers ska ha kommit \u00f6verens med Toronto Raptors om att trejda dit Leonard, men \u00f6verg\u00e5ngen har dr\u00f6jt i v\u00e4ntan p\u00e5 svar i h\u00e4rvan. Nu verkar trejden kunna verkst\u00e4llas. <\/p>\n<p class=\"_textTheme_4io5p_1 _paragraph_16k26_4 _paragraph_3ue4t_27 layout-component layout-normal layout-padded body-medium\">Leonard har tv\u00e5 NBA-titlar p\u00e5 sitt cv, d\u00e4r han vann Finals MVP b\u00e5da g\u00e5ngerna. Han har \u00e4ven blivit uttagen till All Stars sju g\u00e5nger. <\/p>\n<p>             <script async src=\"\/\/www.instagram.com\/embed.js\"><\/script><\/p>\n","protected":false},"excerpt":{"rendered":"LA Clippers hemvist Intuit Dome. Foto: Jae C. Hong \/ APVisa mer Los Angeles Clippers har utretts i&hellip;\n","protected":false},"author":2,"featured_media":363390,"comment_status":"","ping_status":"","sticky":false,"template":"","format":"standard","meta":{"footnotes":"","_share_on_mastodon":"0"},"categories":[68],"tags":[6493,5806,34,111,110,31,33,32,30],"class_list":["post-363389","post","type-post","status-publish","format-standard","has-post-thumbnail","category-sport","tag-los-angeles-clippers","tag-nba","tag-se","tag-sport","tag-sports","tag-svenska","tag-sverige","tag-sweden","tag-swedish"],"share_on_mastodon":{"url":"https:\/\/pubeurope.com\/@se\/117203849473404695","error":""},"_links":{"self":[{"href":"https:\/\/www.europesays.com\/se\/wp-json\/wp\/v2\/posts\/363389","targetHints":{"allow":["GET"]}}],"collection":[{"href":"https:\/\/www.europesays.com\/se\/wp-json\/wp\/v2\/posts"}],"about":[{"href":"https:\/\/www.europesays.com\/se\/wp-json\/wp\/v2\/types\/post"}],"author":[{"embeddable":true,"href":"https:\/\/www.europesays.com\/se\/wp-json\/wp\/v2\/users\/2"}],"replies":[{"embeddable":true,"href":"https:\/\/www.europesays.com\/se\/wp-json\/wp\/v2\/comments?post=363389"}],"version-history":[{"count":0,"href":"https:\/\/www.europesays.com\/se\/wp-json\/wp\/v2\/posts\/363389\/revisions"}],"wp:featuredmedia":[{"embeddable":true,"href":"https:\/\/www.europesays.com\/se\/wp-json\/wp\/v2\/media\/363390"}],"wp:attachment":[{"href":"https:\/\/www.europesays.com\/se\/wp-json\/wp\/v2\/media?parent=363389"}],"wp:term":[{"taxonomy":"category","embeddable":true,"href":"https:\/\/www.europesays.com\/se\/wp-json\/wp\/v2\/categories?post=363389"},{"taxonomy":"post_tag","embeddable":true,"href":"https:\/\/www.europesays.com\/se\/wp-json\/wp\/v2\/tags?post=363389"}],"curies":[{"name":"wp","href":"https:\/\/api.w.org\/{rel}","templated":true}]}}