{"id":363435,"date":"2026-09-02T23:10:42","date_gmt":"2026-09-02T23:10:42","guid":{"rendered":"https:\/\/www.europesays.com\/se\/363435\/"},"modified":"2026-09-02T23:10:42","modified_gmt":"2026-09-02T23:10:42","slug":"symbolisk-begravning-halls-en-vecka-efter-forodelsen","status":"publish","type":"post","link":"https:\/\/www.europesays.com\/se\/363435\/","title":{"rendered":"Symbolisk begravning h\u00e5lls en vecka efter f\u00f6r\u00f6delsen"},"content":{"rendered":"<p>Familjer i Nepal h\u00f6ll symboliska begravningar under onsdagen f\u00f6r anh\u00f6riga som fortfarande saknas efter \u00f6versv\u00e4mningarna f\u00f6r en vecka sedan. Det skriver AFP. <\/p>\n<p>Fler \u00e4n 1\u202f100 personer har bekr\u00e4ftats d\u00f6da, men n\u00e4stan 4\u202f500 saknas fortfarande. M\u00e5nga tros sitta fast i lerfyllda tunnlar som anv\u00e4nds vid vattenkraftverk, men det finns fortfarande hopp om att hitta \u00f6verlevare, skriver Reuters. <\/p>\n<p>I Rasuwagadhi tror man att 46 arbetare sitter inst\u00e4ngda i n\u00e5got som liknar ett rum.<\/p>\n<p>\u2013 Vi \u00e4r mycket s\u00e4kra p\u00e5 att de m\u00e5ste vara vid liv efter en vecka eftersom de har mat och vatten d\u00e4r borta i byggnaden, s\u00e4ger Amshu Kiran Shahi, styrelseledamot i Nepals elmyndighet, skriver nyhetsbyr\u00e5n.<\/p>\n<p>Omni \u00e4r politiskt obundna och oberoende. Vi str\u00e4var efter att ge fler perspektiv p\u00e5 nyheterna. Har du fr\u00e5gor eller synpunkter kring v\u00e5r rapportering? <a href=\"https:\/\/omni.se\/symboliska-begravningar-halls-en-vecka-efter-forodelsen\/a\/mailto:redaktion@omni.se\" class=\"ArticleActions-module-scss-module__w9u9BG__contactLink\" rel=\"nofollow noopener\" target=\"_blank\">Kontakta redaktionen<\/a><\/p>\n","protected":false},"excerpt":{"rendered":"Familjer i Nepal h\u00f6ll symboliska begravningar under onsdagen f\u00f6r anh\u00f6riga som fortfarande saknas efter \u00f6versv\u00e4mningarna f\u00f6r en vecka&hellip;\n","protected":false},"author":2,"featured_media":363436,"comment_status":"","ping_status":"","sticky":false,"template":"","format":"standard","meta":{"footnotes":"","_share_on_mastodon":"0"},"categories":[5],"tags":[15397,420,22,23,26,27,17,21,24,25,28,29,2993,15,16,18,34,31,33,32,30,19,20],"class_list":["post-363435","post","type-post","status-publish","format-standard","has-post-thumbnail","category-rubriker","tag-explainer-bullet","tag-asien","tag-breaking-news","tag-breakingnews","tag-featured-news","tag-featurednews","tag-headlines","tag-huvudnyheter","tag-latest-news","tag-latestnews","tag-main-news","tag-mainnews","tag-nepal","tag-news","tag-nyheter","tag-rubriker","tag-se","tag-svenska","tag-sverige","tag-sweden","tag-swedish","tag-top-stories","tag-topstories"],"share_on_mastodon":{"url":"https:\/\/pubeurope.com\/@se\/117203974574885207","error":""},"_links":{"self":[{"href":"https:\/\/www.europesays.com\/se\/wp-json\/wp\/v2\/posts\/363435","targetHints":{"allow":["GET"]}}],"collection":[{"href":"https:\/\/www.europesays.com\/se\/wp-json\/wp\/v2\/posts"}],"about":[{"href":"https:\/\/www.europesays.com\/se\/wp-json\/wp\/v2\/types\/post"}],"author":[{"embeddable":true,"href":"https:\/\/www.europesays.com\/se\/wp-json\/wp\/v2\/users\/2"}],"replies":[{"embeddable":true,"href":"https:\/\/www.europesays.com\/se\/wp-json\/wp\/v2\/comments?post=363435"}],"version-history":[{"count":0,"href":"https:\/\/www.europesays.com\/se\/wp-json\/wp\/v2\/posts\/363435\/revisions"}],"wp:featuredmedia":[{"embeddable":true,"href":"https:\/\/www.europesays.com\/se\/wp-json\/wp\/v2\/media\/363436"}],"wp:attachment":[{"href":"https:\/\/www.europesays.com\/se\/wp-json\/wp\/v2\/media?parent=363435"}],"wp:term":[{"taxonomy":"category","embeddable":true,"href":"https:\/\/www.europesays.com\/se\/wp-json\/wp\/v2\/categories?post=363435"},{"taxonomy":"post_tag","embeddable":true,"href":"https:\/\/www.europesays.com\/se\/wp-json\/wp\/v2\/tags?post=363435"}],"curies":[{"name":"wp","href":"https:\/\/api.w.org\/{rel}","templated":true}]}}