{"id":363443,"date":"2026-09-02T23:16:15","date_gmt":"2026-09-02T23:16:15","guid":{"rendered":"https:\/\/www.europesays.com\/se\/363443\/"},"modified":"2026-09-02T23:16:15","modified_gmt":"2026-09-02T23:16:15","slug":"danska-pet-slar-larm-ryssland-forbereder-sabotage","status":"publish","type":"post","link":"https:\/\/www.europesays.com\/se\/363443\/","title":{"rendered":"Danska PET sl\u00e5r larm: Ryssland f\u00f6rbereder sabotage"},"content":{"rendered":"<p>S\u00e5v\u00e4l den nationella som den milit\u00e4ra underr\u00e4ttelsetj\u00e4nsten i Danmark sl\u00e5r larm om l\u00e5ngt framskridna sabotageplaner fr\u00e5n Ryssland i v\u00e5rt v\u00e4stra grannland, skriver Berlingske.<\/p>\n<p>Enligt myndigheterna har Ryssland under en l\u00e4ngre tid spanat mot en rad viktiga danska verksamheter, med koppling till landets vapenst\u00f6d till Ukraina. Spaningsuppgifterna har utf\u00f6rts av vanliga danska medborgare som rekryterats online f\u00f6r att ta bilder eller video av k\u00e4nsliga anl\u00e4ggningar.<\/p>\n<p>\u2013 Detta \u00e4r inte en varning om att detta kanske kommer till Danmark en dag. Vi ser planl\u00e4ggningen redan nu, mycket konkret, s\u00e4ger Emil Gr\u00e6sholm, chef \u00f6ver kontraspionaget p\u00e5 PET, Danmarks motsvarighet till S\u00e4po.<\/p>\n<p>Enligt Gr\u00e6sholm vet myndigheterna \u00e4nnu inte vad Ryssland kan t\u00e4nkas g\u00f6ra av uppgifterna, men mot bakgrund av vad som skett i liknande d\u00e5d i Italien och Bulgarien n\u00e4mner han mordbrand som t\u00e4nkbart.<\/p>\n<p>Omni \u00e4r politiskt obundna och oberoende. Vi str\u00e4var efter att ge fler perspektiv p\u00e5 nyheterna. Har du fr\u00e5gor eller synpunkter kring v\u00e5r rapportering? <a href=\"https:\/\/omni.se\/danska-pet-slar-larm-ryssland-forbereder-sabotage\/a\/mailto:redaktion@omni.se\" class=\"ArticleActions-module-scss-module__w9u9BG__contactLink\" rel=\"nofollow noopener\" target=\"_blank\">Kontakta redaktionen<\/a><\/p>\n","protected":false},"excerpt":{"rendered":"S\u00e5v\u00e4l den nationella som den milit\u00e4ra underr\u00e4ttelsetj\u00e4nsten i Danmark sl\u00e5r larm om l\u00e5ngt framskridna sabotageplaner fr\u00e5n Ryssland i&hellip;\n","protected":false},"author":2,"featured_media":363444,"comment_status":"","ping_status":"","sticky":false,"template":"","format":"standard","meta":{"footnotes":"","_share_on_mastodon":"0"},"categories":[14],"tags":[22,23,1205,267,26,27,17,21,24,25,28,29,15,16,18,264,34,31,33,32,30,19,20,51,52,53,54],"class_list":["post-363443","post","type-post","status-publish","format-standard","has-post-thumbnail","category-varlden","tag-breaking-news","tag-breakingnews","tag-danmark","tag-europa","tag-featured-news","tag-featurednews","tag-headlines","tag-huvudnyheter","tag-latest-news","tag-latestnews","tag-main-news","tag-mainnews","tag-news","tag-nyheter","tag-rubriker","tag-ryssland","tag-se","tag-svenska","tag-sverige","tag-sweden","tag-swedish","tag-top-stories","tag-topstories","tag-varlden","tag-world","tag-world-news","tag-worldnews"],"share_on_mastodon":{"url":"https:\/\/pubeurope.com\/@se\/117203998066086861","error":""},"_links":{"self":[{"href":"https:\/\/www.europesays.com\/se\/wp-json\/wp\/v2\/posts\/363443","targetHints":{"allow":["GET"]}}],"collection":[{"href":"https:\/\/www.europesays.com\/se\/wp-json\/wp\/v2\/posts"}],"about":[{"href":"https:\/\/www.europesays.com\/se\/wp-json\/wp\/v2\/types\/post"}],"author":[{"embeddable":true,"href":"https:\/\/www.europesays.com\/se\/wp-json\/wp\/v2\/users\/2"}],"replies":[{"embeddable":true,"href":"https:\/\/www.europesays.com\/se\/wp-json\/wp\/v2\/comments?post=363443"}],"version-history":[{"count":0,"href":"https:\/\/www.europesays.com\/se\/wp-json\/wp\/v2\/posts\/363443\/revisions"}],"wp:featuredmedia":[{"embeddable":true,"href":"https:\/\/www.europesays.com\/se\/wp-json\/wp\/v2\/media\/363444"}],"wp:attachment":[{"href":"https:\/\/www.europesays.com\/se\/wp-json\/wp\/v2\/media?parent=363443"}],"wp:term":[{"taxonomy":"category","embeddable":true,"href":"https:\/\/www.europesays.com\/se\/wp-json\/wp\/v2\/categories?post=363443"},{"taxonomy":"post_tag","embeddable":true,"href":"https:\/\/www.europesays.com\/se\/wp-json\/wp\/v2\/tags?post=363443"}],"curies":[{"name":"wp","href":"https:\/\/api.w.org\/{rel}","templated":true}]}}