{"id":36359,"date":"2025-09-22T06:14:09","date_gmt":"2025-09-22T06:14:09","guid":{"rendered":"https:\/\/www.europesays.com\/se\/36359\/"},"modified":"2025-09-22T06:14:09","modified_gmt":"2025-09-22T06:14:09","slug":"holland-skadad-efter-stunt-i-nya-spiderman-filmen","status":"publish","type":"post","link":"https:\/\/www.europesays.com\/se\/36359\/","title":{"rendered":"Holland skadad efter stunt i nya Spiderman-filmen"},"content":{"rendered":"<p>Sk\u00e5despelaren Tom Holland har f\u00e5tt en lindrig hj\u00e4rnskakning under inspelningen av \u201dSpider-Man: Brand new day\u201d, rapporterar flera medier. <\/p>\n<p>Olyckan intr\u00e4ffade i en studio i Storbritannien i fredags. Stj\u00e4rnan slog i huvudet under inspelningen av ett stunttrick och f\u00f6rdes till sjukhus. Inspelningen \u00e4r nu p\u00e5 paus f\u00f6r att Holland ska kunna \u00e5terh\u00e4mta sig. <\/p>\n<p>Ingen annan skadades, enligt Variety. <\/p>\n<p>Omni \u00e4r politiskt obundna och oberoende. Vi str\u00e4var efter att ge fler perspektiv p\u00e5 nyheterna. Har du fr\u00e5gor eller synpunkter kring v\u00e5r rapportering? <a href=\"https:\/\/omni.se\/holland-skadad-efter-stunt-i-nya-spiderman-filmen\/a\/mailto:redaktion@omni.se\" class=\"ArticleActions_contactLink__W2F1M\" rel=\"nofollow noopener\" target=\"_blank\">Kontakta redaktionen<\/a><\/p>\n","protected":false},"excerpt":{"rendered":"Sk\u00e5despelaren Tom Holland har f\u00e5tt en lindrig hj\u00e4rnskakning under inspelningen av \u201dSpider-Man: Brand new day\u201d, rapporterar flera medier.&hellip;\n","protected":false},"author":2,"featured_media":36360,"comment_status":"","ping_status":"","sticky":false,"template":"","format":"standard","meta":{"footnotes":"","_share_on_mastodon":"0"},"categories":[5],"tags":[22,23,26,27,168,17,21,24,25,28,29,15,16,18,34,3864,31,33,32,30,3863,19,20],"class_list":["post-36359","post","type-post","status-publish","format-standard","has-post-thumbnail","category-rubriker","tag-breaking-news","tag-breakingnews","tag-featured-news","tag-featurednews","tag-film-tv","tag-headlines","tag-huvudnyheter","tag-latest-news","tag-latestnews","tag-main-news","tag-mainnews","tag-news","tag-nyheter","tag-rubriker","tag-se","tag-spiderman","tag-svenska","tag-sverige","tag-sweden","tag-swedish","tag-tom-holland-skadespelare","tag-top-stories","tag-topstories"],"share_on_mastodon":{"url":"","error":""},"_links":{"self":[{"href":"https:\/\/www.europesays.com\/se\/wp-json\/wp\/v2\/posts\/36359","targetHints":{"allow":["GET"]}}],"collection":[{"href":"https:\/\/www.europesays.com\/se\/wp-json\/wp\/v2\/posts"}],"about":[{"href":"https:\/\/www.europesays.com\/se\/wp-json\/wp\/v2\/types\/post"}],"author":[{"embeddable":true,"href":"https:\/\/www.europesays.com\/se\/wp-json\/wp\/v2\/users\/2"}],"replies":[{"embeddable":true,"href":"https:\/\/www.europesays.com\/se\/wp-json\/wp\/v2\/comments?post=36359"}],"version-history":[{"count":0,"href":"https:\/\/www.europesays.com\/se\/wp-json\/wp\/v2\/posts\/36359\/revisions"}],"wp:featuredmedia":[{"embeddable":true,"href":"https:\/\/www.europesays.com\/se\/wp-json\/wp\/v2\/media\/36360"}],"wp:attachment":[{"href":"https:\/\/www.europesays.com\/se\/wp-json\/wp\/v2\/media?parent=36359"}],"wp:term":[{"taxonomy":"category","embeddable":true,"href":"https:\/\/www.europesays.com\/se\/wp-json\/wp\/v2\/categories?post=36359"},{"taxonomy":"post_tag","embeddable":true,"href":"https:\/\/www.europesays.com\/se\/wp-json\/wp\/v2\/tags?post=36359"}],"curies":[{"name":"wp","href":"https:\/\/api.w.org\/{rel}","templated":true}]}}