{"id":36371,"date":"2025-09-22T06:28:23","date_gmt":"2025-09-22T06:28:23","guid":{"rendered":"https:\/\/www.europesays.com\/se\/36371\/"},"modified":"2025-09-22T06:28:23","modified_gmt":"2025-09-22T06:28:23","slug":"thule-redo-for-revansch-di-ger-en-koprekommendation","status":"publish","type":"post","link":"https:\/\/www.europesays.com\/se\/36371\/","title":{"rendered":"Thule redo f\u00f6r revansch &#8211; Di ger en k\u00f6prekommendation"},"content":{"rendered":"<p>&#13;<br \/>\n                        &#8221;Mycket pekar p\u00e5 att botten \u00e4r n\u00e5dd och att en ny tillv\u00e4xtresa v\u00e4ntar. Vi trycker p\u00e5 k\u00f6pknappen&#8221;, skriver Di.<\/p>\n<p>Tidningen menar att v\u00e4rderingen vid en f\u00f6rsta anblick kanske inte ser l\u00e5g ut, men att ett kvalitetsbolag som Thule f\u00f6rtj\u00e4nar en premie.<\/p>\n<p>&#8221;En multipel p\u00e5 17 g\u00e5nger n\u00e4sta \u00e5rs r\u00f6relseresultat, ev\/ebit, vilket \u00e4r strax under dess tio\u00e5riga snitt eller 22 g\u00e5nger nettovinsten, p\/e, k\u00e4nns motiverad med tanke p\u00e5 den f\u00f6rv\u00e4ntade vinsttillv\u00e4xten. Det leder oss till en riktkurs p\u00e5 cirka 285 kronor per aktie, vilket tillsammans med direktavkastningen indikerar en potentiell uppsida p\u00e5 omkring 20 procent&#8221;, avslutas analysen.&#13;\n                    <\/p>\n","protected":false},"excerpt":{"rendered":"&#13; &#8221;Mycket pekar p\u00e5 att botten \u00e4r n\u00e5dd och att en ny tillv\u00e4xtresa v\u00e4ntar. Vi trycker p\u00e5 k\u00f6pknappen&#8221;,&hellip;\n","protected":false},"author":2,"featured_media":36372,"comment_status":"","ping_status":"","sticky":false,"template":"","format":"standard","meta":{"footnotes":""},"categories":[65],"tags":[72,70,71,454,453,451,452,34,31,33,32,30,455],"class_list":{"0":"post-36371","1":"post","2":"type-post","3":"status-publish","4":"format-standard","5":"has-post-thumbnail","7":"category-ekonomi","8":"tag-business","9":"tag-economy","10":"tag-ekonomi","11":"tag-ekonomisk-analys","12":"tag-finans","13":"tag-finansiella-nyheter","14":"tag-investera","15":"tag-se","16":"tag-svenska","17":"tag-sverige","18":"tag-sweden","19":"tag-swedish","20":"tag-trading"},"share_on_mastodon":{"url":"","error":""},"_links":{"self":[{"href":"https:\/\/www.europesays.com\/se\/wp-json\/wp\/v2\/posts\/36371","targetHints":{"allow":["GET"]}}],"collection":[{"href":"https:\/\/www.europesays.com\/se\/wp-json\/wp\/v2\/posts"}],"about":[{"href":"https:\/\/www.europesays.com\/se\/wp-json\/wp\/v2\/types\/post"}],"author":[{"embeddable":true,"href":"https:\/\/www.europesays.com\/se\/wp-json\/wp\/v2\/users\/2"}],"replies":[{"embeddable":true,"href":"https:\/\/www.europesays.com\/se\/wp-json\/wp\/v2\/comments?post=36371"}],"version-history":[{"count":0,"href":"https:\/\/www.europesays.com\/se\/wp-json\/wp\/v2\/posts\/36371\/revisions"}],"wp:featuredmedia":[{"embeddable":true,"href":"https:\/\/www.europesays.com\/se\/wp-json\/wp\/v2\/media\/36372"}],"wp:attachment":[{"href":"https:\/\/www.europesays.com\/se\/wp-json\/wp\/v2\/media?parent=36371"}],"wp:term":[{"taxonomy":"category","embeddable":true,"href":"https:\/\/www.europesays.com\/se\/wp-json\/wp\/v2\/categories?post=36371"},{"taxonomy":"post_tag","embeddable":true,"href":"https:\/\/www.europesays.com\/se\/wp-json\/wp\/v2\/tags?post=36371"}],"curies":[{"name":"wp","href":"https:\/\/api.w.org\/{rel}","templated":true}]}}