{"id":363767,"date":"2026-09-03T03:52:30","date_gmt":"2026-09-03T03:52:30","guid":{"rendered":"https:\/\/www.europesays.com\/se\/363767\/"},"modified":"2026-09-03T03:52:30","modified_gmt":"2026-09-03T03:52:30","slug":"rubio-forhandlingar-om-patriot-pagar","status":"publish","type":"post","link":"https:\/\/www.europesays.com\/se\/363767\/","title":{"rendered":"Rubio: F\u00f6rhandlingar om Patriot p\u00e5g\u00e5r"},"content":{"rendered":"<p>   <img alt=\"USA:s utrikesminister Marco Rubio p\u00e5 en bild fr\u00e5n augusti.\" class=\"_image_1jxax_84 layout-component layout-wide\" data-fullscreen- data-track-element-type=\"Article image fullscreen\" data-track-name=\"ImageFullscreen\" fetchpriority=\"high\" decoding=\"sync\" loading=\"eager\" height=\"1211\" itemprop=\"image\"  src=\"https:\/\/www.europesays.com\/se\/wp-content\/uploads\/2026\/09\/e85c923e-30da-3948-ac88-26430ee04a36.jpeg\"  style=\"object-position:0% 0%\" width=\"1816\"\/>USA:s utrikesminister Marco Rubio p\u00e5 en bild fr\u00e5n augusti.  Foto: Tierney L Cross\/AP\/TTVisa mer<\/p>\n<p class=\"_textTheme_4io5p_1 _lead_16k26_2 _lead_3ue4t_18 layout-component layout-normal layout-padded _lead_o6m9k_5 _leadTheme_cypwp_1 body-large bold\">Ukraina har under sommaren betonat sitt behov av amerikanska Patriot-robotar f\u00f6r att f\u00f6rsvara sig mot ryska attacker \u2013 men tong\u00e5ngarna fr\u00e5n USA har varierat.<\/p>\n<p class=\"_textTheme_4io5p_1 _lead_16k26_2 _lead_3ue4t_18 layout-component layout-normal layout-padded _lead_o6m9k_5 _leadTheme_cypwp_1 body-large bold\">Nu uppger USA:s utrikesminister Marco Rubio att f\u00f6rhandlingar p\u00e5g\u00e5r.<\/p>\n<p class=\"_textTheme_4io5p_1 _paragraph_16k26_4 _paragraph_3ue4t_27 layout-component layout-normal layout-padded body-medium\">Luftf\u00f6rsvarssystemet Patriot har beskrivits som centralt f\u00f6r att skydda civilbefolkning mot ryska robotattacker, men Ukrainas lager har sinat. USA:s president Donald Trump har uppgett att Ukraina ska till\u00e5tas licenstillverka robotarna, men har vid ett annat tillf\u00e4lle sagt att han \u201dinte \u00e4r s\u00e4ker\u201d.<\/p>\n<p class=\"_textTheme_4io5p_1 _paragraph_16k26_4 _paragraph_3ue4t_27 layout-component layout-normal layout-padded body-medium\">Marco Rubio uppger nu att samtal p\u00e5g\u00e5r \u2013 men att ett avtal inte skulle l\u00f6sa akuta problem.<\/p>\n<p class=\"_textTheme_4io5p_1 _paragraph_16k26_4 _paragraph_3ue4t_27 layout-component layout-normal layout-padded body-medium\">\u2013 Det f\u00f6rhandlas just nu, s\u00e4ger han enligt <a href=\"https:\/\/kyivindependent.com\/patriot-licenses-for-ukraine-being-negotiated-as-we-speak-rubio-says-after-week-of-russian-strikes-on-kyiv\/\" class=\"_link_16k26_32\" rel=\"nofollow noopener\" target=\"_blank\">Kyiv Independent<\/a> som h\u00e4nvisar till Fox News.<\/p>\n<p class=\"_textTheme_4io5p_1 _paragraph_16k26_4 _paragraph_3ue4t_27 layout-component layout-normal layout-padded body-medium\">\u2013 Att skala upp produktionen, \u00e4ven om man har en licens, \u00e4r n\u00e5got som tar flera \u00e5r eftersom man m\u00e5ste bygga fabriker, s\u00e4ger Rubio.<\/p>\n","protected":false},"excerpt":{"rendered":"USA:s utrikesminister Marco Rubio p\u00e5 en bild fr\u00e5n augusti. Foto: Tierney L Cross\/AP\/TTVisa mer Ukraina har under sommaren&hellip;\n","protected":false},"author":2,"featured_media":363768,"comment_status":"","ping_status":"","sticky":false,"template":"","format":"standard","meta":{"footnotes":"","_share_on_mastodon":"0"},"categories":[14],"tags":[22,23,26,27,17,21,24,25,28,29,15,16,18,34,31,33,32,30,19,20,51,52,53,54],"class_list":["post-363767","post","type-post","status-publish","format-standard","has-post-thumbnail","category-varlden","tag-breaking-news","tag-breakingnews","tag-featured-news","tag-featurednews","tag-headlines","tag-huvudnyheter","tag-latest-news","tag-latestnews","tag-main-news","tag-mainnews","tag-news","tag-nyheter","tag-rubriker","tag-se","tag-svenska","tag-sverige","tag-sweden","tag-swedish","tag-top-stories","tag-topstories","tag-varlden","tag-world","tag-world-news","tag-worldnews"],"share_on_mastodon":{"url":"https:\/\/pubeurope.com\/@se\/117205083847762389","error":""},"_links":{"self":[{"href":"https:\/\/www.europesays.com\/se\/wp-json\/wp\/v2\/posts\/363767","targetHints":{"allow":["GET"]}}],"collection":[{"href":"https:\/\/www.europesays.com\/se\/wp-json\/wp\/v2\/posts"}],"about":[{"href":"https:\/\/www.europesays.com\/se\/wp-json\/wp\/v2\/types\/post"}],"author":[{"embeddable":true,"href":"https:\/\/www.europesays.com\/se\/wp-json\/wp\/v2\/users\/2"}],"replies":[{"embeddable":true,"href":"https:\/\/www.europesays.com\/se\/wp-json\/wp\/v2\/comments?post=363767"}],"version-history":[{"count":0,"href":"https:\/\/www.europesays.com\/se\/wp-json\/wp\/v2\/posts\/363767\/revisions"}],"wp:featuredmedia":[{"embeddable":true,"href":"https:\/\/www.europesays.com\/se\/wp-json\/wp\/v2\/media\/363768"}],"wp:attachment":[{"href":"https:\/\/www.europesays.com\/se\/wp-json\/wp\/v2\/media?parent=363767"}],"wp:term":[{"taxonomy":"category","embeddable":true,"href":"https:\/\/www.europesays.com\/se\/wp-json\/wp\/v2\/categories?post=363767"},{"taxonomy":"post_tag","embeddable":true,"href":"https:\/\/www.europesays.com\/se\/wp-json\/wp\/v2\/tags?post=363767"}],"curies":[{"name":"wp","href":"https:\/\/api.w.org\/{rel}","templated":true}]}}