{"id":363801,"date":"2026-09-03T04:20:22","date_gmt":"2026-09-03T04:20:22","guid":{"rendered":"https:\/\/www.europesays.com\/se\/363801\/"},"modified":"2026-09-03T04:20:22","modified_gmt":"2026-09-03T04:20:22","slug":"dn-direkt-kungen-och-drottningen-till-haralds-begravning","status":"publish","type":"post","link":"https:\/\/www.europesays.com\/se\/363801\/","title":{"rendered":"DN Direkt \u2013 Kungen och drottningen till Haralds begravning"},"content":{"rendered":"<p><img decoding=\"async\" class=\"picture__img\" src=\"https:\/\/www.europesays.com\/se\/wp-content\/uploads\/2026\/09\/1788409222_629_18bbbb36-38d4-41d5-89c7-3352b5ad9db5.jpeg\" loading=\"lazy\"   alt=\"Siw Malmkvist.\"\/>Siw Malmkvist. Foto: Christine Olsson\/TT<\/p>\n<p>Siw Malmkvist, 89, f\u00e5r \u00e5rets Cornelispris p\u00e5 en miljon kronor.<\/p>\n<p>\u2013 Precis n\u00e4r jag hade gett upp, utbrister hon.<\/p>\n<p>De som har sett fjol\u00e5rets dokument\u00e4r om Siw Malmkvist kommer s\u00e4kert ih\u00e5g scenen i filmen n\u00e4r den folkk\u00e4ra artisten noggrant fyller i ans\u00f6kan till Cornelispriset, kulturstipendiet som delas ut av Stiftelsen Cornelis Vreeswijks minne.<\/p>\n<p>F\u00f6r femte g\u00e5ngen och n\u00e4stan lite motvilligt.<\/p>\n<p>\u2013 Jag t\u00e4nkte att det h\u00e4r \u00e4r sista g\u00e5ngen jag g\u00f6r det. \u201dNu skiter jag i det.\u201d Och s\u00e5 s\u00e4nde jag i v\u00e4g det, ber\u00e4ttar hon och skrattar.<\/p>\n<p>Men nu f\u00e5r Siw Malmkvist priset.<\/p>\n<p>\u2013 Jag trodde f\u00f6rst att det var n\u00e5got lur, men sedan k\u00e4nde jag igen namnet p\u00e5 advokaten som ringde upp och ber\u00e4ttade det, s\u00e4ger Siw Malmkvist.<\/p>\n<p>Schlagerstj\u00e4rnan Siw Malmkvist och vispoeten Cornelis Vreeswijk hade till synes vitt skilda artistkarri\u00e4rer, men de k\u00e4nde varandra.<\/p>\n","protected":false},"excerpt":{"rendered":"Siw Malmkvist. Foto: Christine Olsson\/TT Siw Malmkvist, 89, f\u00e5r \u00e5rets Cornelispris p\u00e5 en miljon kronor. \u2013 Precis n\u00e4r&hellip;\n","protected":false},"author":2,"featured_media":363802,"comment_status":"","ping_status":"","sticky":false,"template":"","format":"standard","meta":{"footnotes":"","_share_on_mastodon":"0"},"categories":[5],"tags":[22,23,26,27,17,21,24,25,28,29,15,16,18,34,31,33,32,30,19,20],"class_list":["post-363801","post","type-post","status-publish","format-standard","has-post-thumbnail","category-rubriker","tag-breaking-news","tag-breakingnews","tag-featured-news","tag-featurednews","tag-headlines","tag-huvudnyheter","tag-latest-news","tag-latestnews","tag-main-news","tag-mainnews","tag-news","tag-nyheter","tag-rubriker","tag-se","tag-svenska","tag-sverige","tag-sweden","tag-swedish","tag-top-stories","tag-topstories"],"share_on_mastodon":{"url":"https:\/\/pubeurope.com\/@se\/117205193902681407","error":""},"_links":{"self":[{"href":"https:\/\/www.europesays.com\/se\/wp-json\/wp\/v2\/posts\/363801","targetHints":{"allow":["GET"]}}],"collection":[{"href":"https:\/\/www.europesays.com\/se\/wp-json\/wp\/v2\/posts"}],"about":[{"href":"https:\/\/www.europesays.com\/se\/wp-json\/wp\/v2\/types\/post"}],"author":[{"embeddable":true,"href":"https:\/\/www.europesays.com\/se\/wp-json\/wp\/v2\/users\/2"}],"replies":[{"embeddable":true,"href":"https:\/\/www.europesays.com\/se\/wp-json\/wp\/v2\/comments?post=363801"}],"version-history":[{"count":0,"href":"https:\/\/www.europesays.com\/se\/wp-json\/wp\/v2\/posts\/363801\/revisions"}],"wp:featuredmedia":[{"embeddable":true,"href":"https:\/\/www.europesays.com\/se\/wp-json\/wp\/v2\/media\/363802"}],"wp:attachment":[{"href":"https:\/\/www.europesays.com\/se\/wp-json\/wp\/v2\/media?parent=363801"}],"wp:term":[{"taxonomy":"category","embeddable":true,"href":"https:\/\/www.europesays.com\/se\/wp-json\/wp\/v2\/categories?post=363801"},{"taxonomy":"post_tag","embeddable":true,"href":"https:\/\/www.europesays.com\/se\/wp-json\/wp\/v2\/tags?post=363801"}],"curies":[{"name":"wp","href":"https:\/\/api.w.org\/{rel}","templated":true}]}}