{"id":363811,"date":"2026-09-03T04:28:14","date_gmt":"2026-09-03T04:28:14","guid":{"rendered":"https:\/\/www.europesays.com\/se\/363811\/"},"modified":"2026-09-03T04:28:14","modified_gmt":"2026-09-03T04:28:14","slug":"danske-bank-nasta-rantehojning-i-november","status":"publish","type":"post","link":"https:\/\/www.europesays.com\/se\/363811\/","title":{"rendered":"Danske bank: N\u00e4sta r\u00e4nteh\u00f6jning i november"},"content":{"rendered":"<p>   <img alt=\"Susanne Spector, chefsekonom hos Danske Bank. Arkivbild.\" class=\"_image_1jxax_84 layout-component layout-wide\" data-fullscreen- data-track-element-type=\"Article image fullscreen\" data-track-name=\"ImageFullscreen\" fetchpriority=\"high\" decoding=\"sync\" loading=\"eager\" height=\"5504\" itemprop=\"image\"  src=\"https:\/\/www.europesays.com\/se\/wp-content\/uploads\/2026\/09\/2cde9004-3033-325e-8ab6-cbf52e336c8e.jpeg\"  style=\"object-position:0% 0%\" width=\"8256\"\/>Susanne Spector, chefsekonom hos Danske Bank. Arkivbild.  Foto: Fredrik Sandberg\/TTVisa mer<\/p>\n<p class=\"_textTheme_4io5p_1 _lead_16k26_2 _lead_3ue4t_18 layout-component layout-normal layout-padded _lead_o6m9k_5 _leadTheme_cypwp_1 body-large bold\">Danske bank tror fortsatt p\u00e5 tv\u00e5 r\u00e4nteh\u00f6jningar fr\u00e5n Riksbankens sida fram till och med 2027. Dock skjuter man fram den f\u00f6rsta r\u00e4nteh\u00f6jningen till november i \u00e5r.<\/p>\n<p class=\"_textTheme_4io5p_1 _paragraph_16k26_4 _paragraph_3ue4t_27 layout-component layout-normal layout-padded body-medium\">\u2013 Eftersom Riksbanken var s\u00e5 pass \u201dmjuka\u201d i augusti s\u00e5 tror vi nu att det dr\u00f6jer l\u00e4ngre. L\u00e4ser man protokollet och hur Riksbanken resonerar s\u00e5 verkar de inte ha br\u00e5ttom. Vi f\u00f6rv\u00e4ntar oss en h\u00f6jning i november och d\u00e4refter ytterligare en i februari, s\u00e4ger bankens chefsekonom Susanne Spector till TT.<\/p>\n<p class=\"_textTheme_4io5p_1 _paragraph_16k26_4 _paragraph_3ue4t_27 layout-component layout-normal layout-padded body-medium\">Banken skruvar samtidigt upp sin bnp-prognos f\u00f6r 2026 fr\u00e5n tidigare 2,1 procent till 2,8 pr0cent med en liten upprevidering avseende 2027 (2,5 procent j\u00e4mf\u00f6rt med 2,4 procent).<\/p>\n<p class=\"_textTheme_4io5p_1 _paragraph_16k26_4 _paragraph_3ue4t_27 layout-component layout-normal layout-padded body-medium\">Inflationen enligt KPIF-m\u00e5ttet tror man samtidigt ska stiga till 1,4 procent i \u00e5r och 2,7 procent kommande \u00e5r. \u00c4ven det \u00e4r en tydlig upprevidering.<\/p>\n","protected":false},"excerpt":{"rendered":"Susanne Spector, chefsekonom hos Danske Bank. Arkivbild. Foto: Fredrik Sandberg\/TTVisa mer Danske bank tror fortsatt p\u00e5 tv\u00e5 r\u00e4nteh\u00f6jningar&hellip;\n","protected":false},"author":2,"featured_media":363812,"comment_status":"","ping_status":"","sticky":false,"template":"","format":"standard","meta":{"footnotes":"","_share_on_mastodon":"0"},"categories":[5],"tags":[22,23,26,27,17,21,24,25,28,29,15,16,18,34,31,33,32,30,19,20],"class_list":["post-363811","post","type-post","status-publish","format-standard","has-post-thumbnail","category-rubriker","tag-breaking-news","tag-breakingnews","tag-featured-news","tag-featurednews","tag-headlines","tag-huvudnyheter","tag-latest-news","tag-latestnews","tag-main-news","tag-mainnews","tag-news","tag-nyheter","tag-rubriker","tag-se","tag-svenska","tag-sverige","tag-sweden","tag-swedish","tag-top-stories","tag-topstories"],"share_on_mastodon":{"url":"https:\/\/pubeurope.com\/@se\/117205225359334965","error":""},"_links":{"self":[{"href":"https:\/\/www.europesays.com\/se\/wp-json\/wp\/v2\/posts\/363811","targetHints":{"allow":["GET"]}}],"collection":[{"href":"https:\/\/www.europesays.com\/se\/wp-json\/wp\/v2\/posts"}],"about":[{"href":"https:\/\/www.europesays.com\/se\/wp-json\/wp\/v2\/types\/post"}],"author":[{"embeddable":true,"href":"https:\/\/www.europesays.com\/se\/wp-json\/wp\/v2\/users\/2"}],"replies":[{"embeddable":true,"href":"https:\/\/www.europesays.com\/se\/wp-json\/wp\/v2\/comments?post=363811"}],"version-history":[{"count":0,"href":"https:\/\/www.europesays.com\/se\/wp-json\/wp\/v2\/posts\/363811\/revisions"}],"wp:featuredmedia":[{"embeddable":true,"href":"https:\/\/www.europesays.com\/se\/wp-json\/wp\/v2\/media\/363812"}],"wp:attachment":[{"href":"https:\/\/www.europesays.com\/se\/wp-json\/wp\/v2\/media?parent=363811"}],"wp:term":[{"taxonomy":"category","embeddable":true,"href":"https:\/\/www.europesays.com\/se\/wp-json\/wp\/v2\/categories?post=363811"},{"taxonomy":"post_tag","embeddable":true,"href":"https:\/\/www.europesays.com\/se\/wp-json\/wp\/v2\/tags?post=363811"}],"curies":[{"name":"wp","href":"https:\/\/api.w.org\/{rel}","templated":true}]}}