{"id":363821,"date":"2026-09-03T04:37:18","date_gmt":"2026-09-03T04:37:18","guid":{"rendered":"https:\/\/www.europesays.com\/se\/363821\/"},"modified":"2026-09-03T04:37:18","modified_gmt":"2026-09-03T04:37:18","slug":"varldsettan-i-ordbrak-med-reporter-ni-tror-att-jag-festar-och-inte-tranar","status":"publish","type":"post","link":"https:\/\/www.europesays.com\/se\/363821\/","title":{"rendered":"V\u00e4rldsettan i ordbr\u00e5k med reporter: \u201dNi tror att jag festar och inte tr\u00e4nar\u201d"},"content":{"rendered":"<p>I\u202fnatt slog den belarusiska tennisstj\u00e4rnan och v\u00e4rldsettan Aryna Sabalenka den ryska kvalspelaren Polina Iatcenko enkelt i tv\u00e5 raka set och tog sig vidare till 16-delsfinal i US Open. <\/p>\n<p>Efter matchen hamnade hon i ordbr\u00e5k med en reporter som st\u00e4llde fr\u00e5gor om hennes uppladdning inf\u00f6r turneringen. Reportern fr\u00e5gade bland annat om evenemang som Sabalenka deltagit p\u00e5. <\/p>\n<p>\u2013 Vad \u00e4r det f\u00f6r fr\u00e5ga? Bara f\u00f6r att jag har lagt upp inl\u00e4gg om n\u00e5gra aktiviteter med f\u00f6retag s\u00e5 tror ni att jag har varit ute och festat i\u202fst\u00e4llet f\u00f6r att tr\u00e4na. <\/p>\n<p>Sabalenka har vunnit de tv\u00e5 senaste US Open-turneringarna. <\/p>\n<p>Omni \u00e4r politiskt obundna och oberoende. Vi str\u00e4var efter att ge fler perspektiv p\u00e5 nyheterna. Har du fr\u00e5gor eller synpunkter kring v\u00e5r rapportering? <a href=\"https:\/\/omni.se\/varldsettan-i-ordbrak-med-reporter-ni-tror-att-jag-festar-och-inte-tranar\/a\/mailto:redaktion@omni.se\" class=\"ArticleActions-module-scss-module__w9u9BG__contactLink\" rel=\"nofollow noopener\" target=\"_blank\">Kontakta redaktionen<\/a><\/p>\n","protected":false},"excerpt":{"rendered":"I\u202fnatt slog den belarusiska tennisstj\u00e4rnan och v\u00e4rldsettan Aryna Sabalenka den ryska kvalspelaren Polina Iatcenko enkelt i tv\u00e5 raka&hellip;\n","protected":false},"author":2,"featured_media":363822,"comment_status":"","ping_status":"","sticky":false,"template":"","format":"standard","meta":{"footnotes":"","_share_on_mastodon":"0"},"categories":[5],"tags":[2716,22,23,26,27,17,21,24,25,28,29,15,16,18,34,31,33,32,30,1670,19,20],"class_list":["post-363821","post","type-post","status-publish","format-standard","has-post-thumbnail","category-rubriker","tag-aryna-sabalenka","tag-breaking-news","tag-breakingnews","tag-featured-news","tag-featurednews","tag-headlines","tag-huvudnyheter","tag-latest-news","tag-latestnews","tag-main-news","tag-mainnews","tag-news","tag-nyheter","tag-rubriker","tag-se","tag-svenska","tag-sverige","tag-sweden","tag-swedish","tag-tennis","tag-top-stories","tag-topstories"],"share_on_mastodon":{"url":"https:\/\/pubeurope.com\/@se\/117205260479342378","error":""},"_links":{"self":[{"href":"https:\/\/www.europesays.com\/se\/wp-json\/wp\/v2\/posts\/363821","targetHints":{"allow":["GET"]}}],"collection":[{"href":"https:\/\/www.europesays.com\/se\/wp-json\/wp\/v2\/posts"}],"about":[{"href":"https:\/\/www.europesays.com\/se\/wp-json\/wp\/v2\/types\/post"}],"author":[{"embeddable":true,"href":"https:\/\/www.europesays.com\/se\/wp-json\/wp\/v2\/users\/2"}],"replies":[{"embeddable":true,"href":"https:\/\/www.europesays.com\/se\/wp-json\/wp\/v2\/comments?post=363821"}],"version-history":[{"count":0,"href":"https:\/\/www.europesays.com\/se\/wp-json\/wp\/v2\/posts\/363821\/revisions"}],"wp:featuredmedia":[{"embeddable":true,"href":"https:\/\/www.europesays.com\/se\/wp-json\/wp\/v2\/media\/363822"}],"wp:attachment":[{"href":"https:\/\/www.europesays.com\/se\/wp-json\/wp\/v2\/media?parent=363821"}],"wp:term":[{"taxonomy":"category","embeddable":true,"href":"https:\/\/www.europesays.com\/se\/wp-json\/wp\/v2\/categories?post=363821"},{"taxonomy":"post_tag","embeddable":true,"href":"https:\/\/www.europesays.com\/se\/wp-json\/wp\/v2\/tags?post=363821"}],"curies":[{"name":"wp","href":"https:\/\/api.w.org\/{rel}","templated":true}]}}