{"id":363829,"date":"2026-09-03T04:46:43","date_gmt":"2026-09-03T04:46:43","guid":{"rendered":"https:\/\/www.europesays.com\/se\/363829\/"},"modified":"2026-09-03T04:46:43","modified_gmt":"2026-09-03T04:46:43","slug":"wall-street-vander-uppat-efter-rantenedgang-investerarna-andas-ut-borskollen","status":"publish","type":"post","link":"https:\/\/www.europesays.com\/se\/363829\/","title":{"rendered":"Wall Street v\u00e4nder upp\u00e5t efter r\u00e4ntenedg\u00e5ng \u2013 investerarna andas ut &#8211; B\u00f6rskollen"},"content":{"rendered":"<ol>\n<li><a href=\"https:\/\/news.google.com\/rss\/articles\/CBMipAFBVV95cUxQaFIwNDVJcDZnTlJWUE1TQ2pIV3VLTVpHWWQ1ak9pNHpVX2ZKYTFBSDdWU2oxUUJCVmk3SVQ2ZkJHaE5sNmt0enQzSDN3WkZZa0R0N2p3LUlFUmFyOGJfdUVKUEM3dW1ZVkRBcTZmUU9XQ3Ywcm1uZGpPOFRZVEZDVmtEalFSbkE4angzVEZKUWxkSVFsaVVDbHo4Mk9vTFdZYVhDUQ?oc=5\" target=\"_blank\" rel=\"nofollow noopener\">Wall Street v\u00e4nder upp\u00e5t efter r\u00e4ntenedg\u00e5ng \u2013 investerarna andas ut<\/a>&nbsp;&nbsp;B\u00f6rskollen<\/li>\n<li><a href=\"https:\/\/news.google.com\/rss\/articles\/CBMilwFBVV95cUxOMVQ3NnJ4LWZsbGlGTVRmeUxsVVByVXlIT0NPSXNlcmtVMkpCRkVzY2dnaDlhNHBCaGNqeG9QclBXanVLN09qckZqTlhmY2hHbUVuTFBDb1NZT1lWOEU3bU84cVlyS3RiVGp1T1lvUk9TMVZHeF93LVcxdVNiR2tGa3hJZzRvMTdiOXJZREhzNkMxTWFxM1FJ?oc=5\" target=\"_blank\" rel=\"nofollow noopener\">Glatt p\u00e5 Wall Street n\u00e4r r\u00e4ntorna lugnade sig<\/a>&nbsp;&nbsp;Aftonbladet<\/li>\n<li><a href=\"https:\/\/news.google.com\/rss\/articles\/CBMiqwFBVV95cUxQelFPMHRHNnd1RnlGSW1sZ3hyaGVmeUEzZmNWV2J4M2N2TGJqZDh6RUdXcTZmUFF1Rmhhelp2Z1JndVN3V1RGQVRrcVlLRGpaMjBqdXduSGw0SHNvaGVrbldDYXJOVEM1ZWhlSWtQNzZLU3BoeFBDNXJnVzZib1JJLTMwNXhvOEpuNUo0S0ZZRzFERGJMNGgtMzdOVDJhMzZqSThDS0kzdXZFRU0?oc=5\" target=\"_blank\" rel=\"nofollow noopener\">Oljan och r\u00e4ntorna rusade \u2013 Wall Street rasade<\/a>&nbsp;&nbsp;G\u00f6teborgs-Posten<\/li>\n<li><a href=\"https:\/\/news.google.com\/rss\/articles\/CBMijwFBVV95cUxPcEpSNFdVeHRIVTlmWFdmVmExU3lqbHhfVWkxVm0wUnhEU2k0VkkzWTBwTTlQc1NZVWU5WmtRNHBGWEdtM1MwSW14THU3U3YtbEJieFVya09iUkthc0FxdlBYNDctNjA2cExtR2tKWGE1eTJfWWhuXzFNMXFyZlJkeWJELXhhbTE4eC1CVUQ5cw?oc=5\" target=\"_blank\" rel=\"nofollow noopener\">Oljepriset och r\u00e4ntorna upp \u2013 Wall Street ned<\/a>&nbsp;&nbsp;svd.se<\/li>\n<li><a href=\"https:\/\/news.google.com\/rss\/articles\/CBMia0FVX3lxTE0wMjZXXzJFeGN2cVBNNTFmdVFpX2o4WHNOUnFYSnY3MjJiMkdBS0lhOE5OTlY1emRCbGtWZzd1b3hTWWFLOEJmbGtBQTQwYzRiTWhpbmdLTmdqcmVpREtlcUxFbi12YUdFNUhr?oc=5\" target=\"_blank\" rel=\"nofollow noopener\">Oljan rusar \u2013 djupare b\u00f6rsfall i USA efter attackerna<\/a>&nbsp;&nbsp;EFN<\/li>\n<\/ol>\n","protected":false},"excerpt":{"rendered":"Wall Street v\u00e4nder upp\u00e5t efter r\u00e4ntenedg\u00e5ng \u2013 investerarna andas ut&nbsp;&nbsp;B\u00f6rskollen Glatt p\u00e5 Wall Street n\u00e4r r\u00e4ntorna lugnade sig&nbsp;&nbsp;Aftonbladet&hellip;\n","protected":false},"author":2,"featured_media":363830,"comment_status":"","ping_status":"","sticky":false,"template":"","format":"standard","meta":{"footnotes":"","_share_on_mastodon":"0"},"categories":[5],"tags":[22,23,26,27,17,21,24,25,28,29,15,16,18,34,31,33,32,30,19,20],"class_list":["post-363829","post","type-post","status-publish","format-standard","has-post-thumbnail","category-rubriker","tag-breaking-news","tag-breakingnews","tag-featured-news","tag-featurednews","tag-headlines","tag-huvudnyheter","tag-latest-news","tag-latestnews","tag-main-news","tag-mainnews","tag-news","tag-nyheter","tag-rubriker","tag-se","tag-svenska","tag-sverige","tag-sweden","tag-swedish","tag-top-stories","tag-topstories"],"share_on_mastodon":{"url":"https:\/\/pubeurope.com\/@se\/117205295830630058","error":""},"_links":{"self":[{"href":"https:\/\/www.europesays.com\/se\/wp-json\/wp\/v2\/posts\/363829","targetHints":{"allow":["GET"]}}],"collection":[{"href":"https:\/\/www.europesays.com\/se\/wp-json\/wp\/v2\/posts"}],"about":[{"href":"https:\/\/www.europesays.com\/se\/wp-json\/wp\/v2\/types\/post"}],"author":[{"embeddable":true,"href":"https:\/\/www.europesays.com\/se\/wp-json\/wp\/v2\/users\/2"}],"replies":[{"embeddable":true,"href":"https:\/\/www.europesays.com\/se\/wp-json\/wp\/v2\/comments?post=363829"}],"version-history":[{"count":0,"href":"https:\/\/www.europesays.com\/se\/wp-json\/wp\/v2\/posts\/363829\/revisions"}],"wp:featuredmedia":[{"embeddable":true,"href":"https:\/\/www.europesays.com\/se\/wp-json\/wp\/v2\/media\/363830"}],"wp:attachment":[{"href":"https:\/\/www.europesays.com\/se\/wp-json\/wp\/v2\/media?parent=363829"}],"wp:term":[{"taxonomy":"category","embeddable":true,"href":"https:\/\/www.europesays.com\/se\/wp-json\/wp\/v2\/categories?post=363829"},{"taxonomy":"post_tag","embeddable":true,"href":"https:\/\/www.europesays.com\/se\/wp-json\/wp\/v2\/tags?post=363829"}],"curies":[{"name":"wp","href":"https:\/\/api.w.org\/{rel}","templated":true}]}}