{"id":363839,"date":"2026-09-03T04:53:43","date_gmt":"2026-09-03T04:53:43","guid":{"rendered":"https:\/\/www.europesays.com\/se\/363839\/"},"modified":"2026-09-03T04:53:43","modified_gmt":"2026-09-03T04:53:43","slug":"dansk-underrattelsetjanst-slar-larm-ryssland-forbereder-sabotage-utrikes","status":"publish","type":"post","link":"https:\/\/www.europesays.com\/se\/363839\/","title":{"rendered":"Dansk underr\u00e4ttelsetj\u00e4nst sl\u00e5r larm: Ryssland f\u00f6rbereder sabotage | Utrikes"},"content":{"rendered":"<p class=\"aw__sc-1qwuw0s-0 aw__sc-1vg2sqm-0 epAWpq ecELkD yle__article__paragraph\">Ryssland planerar och f\u00f6rbereder aktivt sabotage mot dansk f\u00f6rsvarsindustri, uppger Danmarks underr\u00e4ttelsetj\u00e4nst.<\/p>\n<p><img decoding=\"async\" alt=\"Danmarks och Ukrainas stora flaggor h\u00e4nger i fonden bakom en talarstol med n\u00e5gra m\u00e4n intill. \" src=\"https:\/\/www.europesays.com\/se\/wp-content\/uploads\/2026\/09\/1788402477.jpeg\" class=\"aw__sc-dklauk-0 LPzKX\"\/><\/p>\n<p>\u00d6ppna bildvisare<\/p>\n<p>Ryska sabotageplaner s\u00e4gs vara riktade fr\u00e4mst mot f\u00f6rsvarsindustri med koppling till Ukraina. Danmark planerar exempelvis ett samarbete inom robotindustrin med ukrainska Fire Point. Fotografiet fr\u00e5n en tillt\u00e4nkt ny fabrik i Danmark. Bild: Bo Amstrup \/ EPALyssna (du h\u00f6r en artificiell r\u00f6st) 2:52<\/p>\n<ul class=\"aw__sc-1yb43iq-0 gFXHv yle__article__list yle__article__list--ul\">\n<li class=\"aw__sc-1yb43iq-1 gVAzbt\">Danmarks s\u00e4kerhetstj\u00e4nst PET har avsl\u00f6jat konkreta ryska planer f\u00f6r sabotage mot dansk f\u00f6rsvarsindustri som st\u00f6der Ukraina.<\/li>\n<li class=\"aw__sc-1yb43iq-1 gVAzbt\">Ryssland f\u00f6rs\u00f6ker v\u00e4rva vanliga danskar via n\u00e4tet.<\/li>\n<li class=\"aw__sc-1yb43iq-1 gVAzbt\">PET:s chef Emil Gr\u00e6sholm s\u00e4ger att hoten \u00e4r s\u00e5 konkreta att PET m\u00e5ste varna.<\/li>\n<li class=\"aw__sc-1yb43iq-1 gVAzbt\">Experter menar att det ryska hybridkriget n\u00e5tt en ny niv\u00e5 och att Europa m\u00e5ste reagera.<\/li>\n<\/ul>\n<p class=\"aw__sc-1qwuw0s-0 aw__sc-ngllmo-0 epAWpq fzYpjk yle__article__paragraph\">Danmarks nationella s\u00e4kerhets- och underr\u00e4ttelsetj\u00e4nst (PET) har avsl\u00f6jat konkreta ryska planer f\u00f6r sabotage mot verksamheter i Danmark.<\/p>\n<p class=\"aw__sc-1qwuw0s-0 aw__sc-ngllmo-0 epAWpq fzYpjk yle__article__paragraph\">Det s\u00e4ger PET:s chef f\u00f6r kontraspionage, <strong class=\"aw__sc-ngllmo-2 gdRrun yle__article__strong\">Emil Gr\u00e6sholm<\/strong> till <a class=\"aw__sc-ngllmo-1 bTDnwX yle__article__link\" href=\"https:\/\/www.berlingske.dk\/indland\/russiske-sabotageplaner-i-danmark--foelg-med-her\" role=\"link\" rel=\"nofollow noopener\" target=\"_blank\">Berlingske<\/a>. Han har ocks\u00e5 kommenterat uppgifterna f\u00f6r <a class=\"aw__sc-ngllmo-1 bTDnwX yle__article__link\" href=\"https:\/\/www.dr.dk\/nyheder\/udland\/pet-afsloerer-konkrete-planer-russisk-sabotage-i-danmark\" role=\"link\" rel=\"nofollow noopener\" target=\"_blank\">Danmarks radio<\/a> (DR).<\/p>\n<p class=\"aw__sc-1qwuw0s-0 aw__sc-ngllmo-0 epAWpq fzYpjk yle__article__paragraph\">Framf\u00f6r allt riktar sig den ryska verksamheten mot delar av f\u00f6rsvarsindustrin som har koppling till Danmarks milit\u00e4ra st\u00f6d till Ukraina, enligt Gr\u00e6sholm.<\/p>\n<p class=\"aw__sc-1qwuw0s-0 aw__sc-ngllmo-0 epAWpq fzYpjk yle__article__paragraph\">\u201dDet handlar om s\u00e5 konkreta planer och f\u00f6rberedelser att vi anser det n\u00f6dv\u00e4ndigt att g\u00e5 ut med budskapet att detta \u00e4r ett hot som man m\u00e5ste ta p\u00e5 allvar\u201d, s\u00e4ger han till Berlingske.<\/p>\n<p>Ryssland f\u00f6rs\u00f6ker v\u00e4rva vanliga danskar<\/p>\n<p class=\"aw__sc-1qwuw0s-0 aw__sc-ngllmo-0 epAWpq fzYpjk yle__article__paragraph\">PET har avsl\u00f6jat \u201dkonkreta exempel p\u00e5 att Ryssland f\u00f6rs\u00f6ker rekrytera helt vanliga danskar p\u00e5 sociala medier och onlineplattformar\u201d, skriver DR.<\/p>\n<p class=\"aw__sc-1qwuw0s-0 aw__sc-ngllmo-0 epAWpq fzYpjk yle__article__paragraph\">Det kan handla om uppgifter som exempelvis att fotografera f\u00f6retag eller anl\u00e4ggningar, ibland mot betalning. Det h\u00e4r \u00e4r fotografier som bed\u00f6ms kunna anv\u00e4ndas i planeringen av sabotage, enligt Emil Gr\u00e6sholm.<\/p>\n<p class=\"aw__sc-1qwuw0s-0 aw__sc-ngllmo-0 epAWpq fzYpjk yle__article__paragraph\">Uppdragen kan verka vardagliga, som att fotografera vissa portar, leveranser eller lager. Den som f\u00e5r uppdraget vet inte n\u00f6dv\u00e4ndigtvis vem den egentliga uppdragsgivaren \u00e4r.<\/p>\n<p class=\"aw__sc-1qwuw0s-0 aw__sc-ngllmo-0 epAWpq fzYpjk yle__article__paragraph\">\u2013 Det \u00e4r ytterst allvarligt om vanliga danskar hj\u00e4lper ryska underr\u00e4ttelsetj\u00e4nster \u2013 antingen medvetet eller omedvetet, s\u00e4ger Emil Gr\u00e6sholm till DR.<\/p>\n<p class=\"aw__sc-1qwuw0s-0 aw__sc-ngllmo-0 epAWpq fzYpjk yle__article__paragraph\">Han understryker ocks\u00e5 vikten av att f\u00f6rsvarsindustrin vidtar n\u00f6dv\u00e4ndiga s\u00e4kerhets\u00e5tg\u00e4rder, vilket branschen \u00e4r i full g\u00e5ng med, enligt honom.<\/p>\n<p>En signal till ryssarna?<\/p>\n<p class=\"aw__sc-1qwuw0s-0 aw__sc-ngllmo-0 epAWpq fzYpjk yle__article__paragraph\">PET:s varning om ryska sabotageplaner kan vara ett f\u00f6rs\u00f6k att s\u00e4nda en signal till ryssarna om att man vet vad de h\u00e5ller p\u00e5 med.<\/p>\n<p class=\"aw__sc-1qwuw0s-0 aw__sc-ngllmo-0 epAWpq fzYpjk yle__article__paragraph\">Det menar <strong class=\"aw__sc-ngllmo-2 gdRrun yle__article__strong\">Jakom Kaarsbo<\/strong> som kommenterar PET:s avsl\u00f6jande <a class=\"aw__sc-ngllmo-1 bTDnwX yle__article__link\" href=\"https:\/\/www.dr.dk\/nyheder\/udland\/pet-afsloerer-konkrete-planer-russisk-sabotage-i-danmark?focusId=12363929#liveblog-embed\" role=\"link\" rel=\"nofollow noopener\" target=\"_blank\">f\u00f6r DR<\/a>. Kaarsbo \u00e4r tidigare chefsanalytiker vid Danmarks milit\u00e4ra underr\u00e4ttelsetj\u00e4nst (FE).<\/p>\n<p class=\"aw__sc-1qwuw0s-0 aw__sc-ngllmo-0 epAWpq fzYpjk yle__article__paragraph\">PET:s avsl\u00f6jande kommer i k\u00f6lvattnet av tyska anklagelser om ett <a class=\"aw__sc-ngllmo-1 bTDnwX yle__article__link\" href=\"https:\/\/yle.fi\/a\/7-10104541\" role=\"link\" rel=\"nofollow noopener\" target=\"_blank\">ryskt attentatsf\u00f6rs\u00f6k<\/a> mot flygplatsen Leipzig\/Halle.<\/p>\n<p class=\"aw__sc-1qwuw0s-0 aw__sc-ngllmo-0 epAWpq fzYpjk yle__article__paragraph\">Danska <a class=\"aw__sc-ngllmo-1 bTDnwX yle__article__link\" href=\"https:\/\/politiken.dk\/internationalt\/art10537513\/PET-Rusland-har-planlagt-%C2%BBmeget-konkret%C2%AB-sabotage-mod-Danmark\" role=\"link\" rel=\"nofollow noopener\" target=\"_blank\">Politiken<\/a> har intervjuat <strong class=\"aw__sc-ngllmo-2 gdRrun yle__article__strong\">Flemming Splidsboel<\/strong>, seniorforskare vid Danmarks institut f\u00f6r internationella studier, och han menar att Europa nu m\u00e5ste reagera.<\/p>\n<p class=\"aw__sc-1qwuw0s-0 aw__sc-ngllmo-0 epAWpq fzYpjk yle__article__paragraph\">Enligt Splidsboel \u00e4r det tydligt att det ryska hybridkriget har n\u00e5tt en ny niv\u00e5.<\/p>\n<p class=\"aw__sc-1qwuw0s-0 aw__sc-ngllmo-0 epAWpq fzYpjk yle__article__paragraph\">\u201dEuropa m\u00e5ste komma med en reaktion. Tyskarna m\u00e5ste ocks\u00e5 f\u00f6lja upp sina uttalanden. Ett st\u00e4ngt konsulat skadar inte ryssarna. Det \u00e4r m\u00f6jligt att EU kommer med ett gemensamt svar, kanske i form av att det nya sanktionspaketet som \u00e4r p\u00e5 v\u00e4g skyndas p\u00e5. F\u00f6r hotet har blivit mer akut nu\u201d, s\u00e4ger Flemming Spidsboel.<\/p>\n","protected":false},"excerpt":{"rendered":"Ryssland planerar och f\u00f6rbereder aktivt sabotage mot dansk f\u00f6rsvarsindustri, uppger Danmarks underr\u00e4ttelsetj\u00e4nst. \u00d6ppna bildvisare Ryska sabotageplaner s\u00e4gs vara&hellip;\n","protected":false},"author":2,"featured_media":363840,"comment_status":"","ping_status":"","sticky":false,"template":"","format":"standard","meta":{"footnotes":"","_share_on_mastodon":"0"},"categories":[14],"tags":[22,23,1205,26,27,868,41796,17,21,41797,24,25,28,29,999,15,3422,16,18,1788,264,9939,2152,34,2788,31,33,32,30,19,20,263,17567,237,51,52,53,54],"class_list":["post-363839","post","type-post","status-publish","format-standard","has-post-thumbnail","category-varlden","tag-breaking-news","tag-breakingnews","tag-danmark","tag-featured-news","tag-featurednews","tag-forsvarsindustri","tag-forsvarsmaterielindustri","tag-headlines","tag-huvudnyheter","tag-krigsindustri","tag-latest-news","tag-latestnews","tag-main-news","tag-mainnews","tag-nato","tag-news","tag-norden","tag-nyheter","tag-rubriker","tag-ryskt-anfall-mot-ukraina","tag-ryssland","tag-sabotage","tag-sakerhetspolitik","tag-se","tag-spionage","tag-svenska","tag-sverige","tag-sweden","tag-swedish","tag-top-stories","tag-topstories","tag-ukraina","tag-underrattelsetjanster","tag-utrikes","tag-varlden","tag-world","tag-world-news","tag-worldnews"],"share_on_mastodon":{"url":"","error":"Validation failed: Text character limit of 500 exceeded"},"_links":{"self":[{"href":"https:\/\/www.europesays.com\/se\/wp-json\/wp\/v2\/posts\/363839","targetHints":{"allow":["GET"]}}],"collection":[{"href":"https:\/\/www.europesays.com\/se\/wp-json\/wp\/v2\/posts"}],"about":[{"href":"https:\/\/www.europesays.com\/se\/wp-json\/wp\/v2\/types\/post"}],"author":[{"embeddable":true,"href":"https:\/\/www.europesays.com\/se\/wp-json\/wp\/v2\/users\/2"}],"replies":[{"embeddable":true,"href":"https:\/\/www.europesays.com\/se\/wp-json\/wp\/v2\/comments?post=363839"}],"version-history":[{"count":0,"href":"https:\/\/www.europesays.com\/se\/wp-json\/wp\/v2\/posts\/363839\/revisions"}],"wp:featuredmedia":[{"embeddable":true,"href":"https:\/\/www.europesays.com\/se\/wp-json\/wp\/v2\/media\/363840"}],"wp:attachment":[{"href":"https:\/\/www.europesays.com\/se\/wp-json\/wp\/v2\/media?parent=363839"}],"wp:term":[{"taxonomy":"category","embeddable":true,"href":"https:\/\/www.europesays.com\/se\/wp-json\/wp\/v2\/categories?post=363839"},{"taxonomy":"post_tag","embeddable":true,"href":"https:\/\/www.europesays.com\/se\/wp-json\/wp\/v2\/tags?post=363839"}],"curies":[{"name":"wp","href":"https:\/\/api.w.org\/{rel}","templated":true}]}}