{"id":363841,"date":"2026-09-03T04:54:36","date_gmt":"2026-09-03T04:54:36","guid":{"rendered":"https:\/\/www.europesays.com\/se\/363841\/"},"modified":"2026-09-03T04:54:36","modified_gmt":"2026-09-03T04:54:36","slug":"aron-flam-frias-100-se","status":"publish","type":"post","link":"https:\/\/www.europesays.com\/se\/363841\/","title":{"rendered":"Aron Flam frias &#8211; 100.se"},"content":{"rendered":"<p>Det var efter ett gr\u00e4l p\u00e5 plattformen X den 17 juli 2025 med Marie \u00c5kesdotter, gruppledare f\u00f6r Milj\u00f6partiet i Tyres\u00f6, som komikern och debatt\u00f6ren Aron Flam \u00e5talades f\u00f6r ofredande och olaga hot.<\/p>\n<p>\u00c5talet v\u00e4cktes i v\u00e5ras. Men nu frias Flam p\u00e5 samtliga punkter. Detta i ett domslut som meddelades p\u00e5 onsdagen.<\/p>\n<p>\u2013 Det \u00e4r ett direkt erk\u00e4nnande av att jag inte \u00e4r en brottsling och att alla som skrev ner mig n\u00e4r \u00e5talet v\u00e4cktes borde \u00e4ta upp sina skosulor, s\u00e4ger Aron Flam till 100%.<\/p>\n<p><strong>Hur kommer du att fira det h\u00e4r?<\/strong><\/p>\n<p>\u2013 Genom att krossa \u00e4nnu mer socialism \u00e4nnu h\u00e5rdare.<\/p>\n<p>Gr\u00e4l om Gaza<\/p>\n<p>Gr\u00e4let som f\u00f6ranledde \u00e5talet handlade om kriget i Gaza.<\/p>\n<p>I en tr\u00e5d skrev Marie \u00c5kesdotter bland annat att Aron Flam &#8221;f\u00f6rsvarar massm\u00f6rdandet&#8221;.<\/p>\n<p>\u201dDu \u00e4r nazist, Hamasgroupie och judehatare. Ansvaret f\u00f6r de d\u00f6da barnen \u00e4r Hamas och palestiniernas skitkultur som uppfostrar barn till att bli martyrer. Om du s\u00e5 g\u00e4rna vill ha fred ring dina \u00e4lskare i Hamas och s\u00e4g till dem att l\u00e4gga ned sina vapen och \u00e5terb\u00f6rda gisslan\u201d, kontrade Aron Flam.<\/p>\n<p><img decoding=\"async\" src=\"https:\/\/www.europesays.com\/se\/wp-content\/uploads\/2026\/09\/509b3def4c980138e63fdb80b5e51a081cd08f46-412x612.jpg\" alt=\"\" class=\"w-full rounded\"\/><\/p>\n<p>I en senare kommentar skrev Flam:<\/p>\n<p>&#8221;PS! Nu har jag din hemadress.&#8221;<\/p>\n<p>&#8221;\u00c4r det ett hot du riktar mot mig?&#8221; fr\u00e5gade \u00c5kesdotter.<\/p>\n<p>&#8221;Nej. Varf\u00f6r skulle det vara det menar du?&#8221; svarade Flam.<\/p>\n<p>Det var f\u00f6r kommentaren om hemadress som \u00e5klagaren v\u00e4ckte \u00e5tal f\u00f6r i f\u00f6rsta hand olaga hot och i andra hand ofredande.<\/p>\n<p>Milj\u00f6partisten: Blev r\u00e4dd<\/p>\n<p>I f\u00f6rh\u00f6r har \u00c5kesdotter uppgett att hon blev r\u00e4dd n\u00e4r hon l\u00e4ste meningen och uppfattade det som att Flam ville tysta henne.<\/p>\n<p>&#8221;Hon var inte r\u00e4dd f\u00f6r att Aron Flam skulle komma hem till henne, men han g\u00f6r henne till en m\u00e5ltavla och han har 80 000 f\u00f6ljare bara p\u00e5 X och det finns m\u00e5nga galningar&#8221;, sammanfattar tingsr\u00e4tten.<\/p>\n<p>Flam har i f\u00f6rh\u00f6r uppgett att han med den aktuella meningen menade han att han skulle skicka henne b\u00f6cker eller konfrontera henne i stil med Uppdrag granskning. Vidare har han sagt att han skrev det n\u00e4r han var uppr\u00f6rd i stundens hetta och att det inte \u00e4r n\u00e5got han \u00e4r stolt \u00f6ver, skriver tingsr\u00e4tten.<\/p>\n<p>Tingsr\u00e4tten: Inget hot<\/p>\n<p>Tingsr\u00e4tten v\u00e4ljer att fria Aron Flam p\u00e5 b\u00e4gge \u00e5talspunkter. De konstaterar att inl\u00e4gget &#8221;Nu har jag din hemadress&#8221; varken uttrycker ett direkt eller indirekt hot.<\/p>\n<p>Det utg\u00f6r inte heller ofredande, menar tingsr\u00e4tten. Detta eftersom yttrandet enligt domstolen &#8221;inte kan anses ge uttryck f\u00f6r ett s\u00e5dant h\u00e4nsynsl\u00f6st agerande som f\u00f6ruts\u00e4tts f\u00f6r straffansvar&#8221;.<\/p>\n<p>Texten har uppdaterats.<\/p>\n","protected":false},"excerpt":{"rendered":"Det var efter ett gr\u00e4l p\u00e5 plattformen X den 17 juli 2025 med Marie \u00c5kesdotter, gruppledare f\u00f6r Milj\u00f6partiet&hellip;\n","protected":false},"author":2,"featured_media":363842,"comment_status":"","ping_status":"","sticky":false,"template":"","format":"standard","meta":{"footnotes":"","_share_on_mastodon":"0"},"categories":[12],"tags":[22,23,26,27,17,21,24,25,28,29,15,16,18,34,31,33,32,30,19,20],"class_list":["post-363841","post","type-post","status-publish","format-standard","has-post-thumbnail","category-sverige","tag-breaking-news","tag-breakingnews","tag-featured-news","tag-featurednews","tag-headlines","tag-huvudnyheter","tag-latest-news","tag-latestnews","tag-main-news","tag-mainnews","tag-news","tag-nyheter","tag-rubriker","tag-se","tag-svenska","tag-sverige","tag-sweden","tag-swedish","tag-top-stories","tag-topstories"],"share_on_mastodon":{"url":"https:\/\/pubeurope.com\/@se\/117205327940278964","error":""},"_links":{"self":[{"href":"https:\/\/www.europesays.com\/se\/wp-json\/wp\/v2\/posts\/363841","targetHints":{"allow":["GET"]}}],"collection":[{"href":"https:\/\/www.europesays.com\/se\/wp-json\/wp\/v2\/posts"}],"about":[{"href":"https:\/\/www.europesays.com\/se\/wp-json\/wp\/v2\/types\/post"}],"author":[{"embeddable":true,"href":"https:\/\/www.europesays.com\/se\/wp-json\/wp\/v2\/users\/2"}],"replies":[{"embeddable":true,"href":"https:\/\/www.europesays.com\/se\/wp-json\/wp\/v2\/comments?post=363841"}],"version-history":[{"count":0,"href":"https:\/\/www.europesays.com\/se\/wp-json\/wp\/v2\/posts\/363841\/revisions"}],"wp:featuredmedia":[{"embeddable":true,"href":"https:\/\/www.europesays.com\/se\/wp-json\/wp\/v2\/media\/363842"}],"wp:attachment":[{"href":"https:\/\/www.europesays.com\/se\/wp-json\/wp\/v2\/media?parent=363841"}],"wp:term":[{"taxonomy":"category","embeddable":true,"href":"https:\/\/www.europesays.com\/se\/wp-json\/wp\/v2\/categories?post=363841"},{"taxonomy":"post_tag","embeddable":true,"href":"https:\/\/www.europesays.com\/se\/wp-json\/wp\/v2\/tags?post=363841"}],"curies":[{"name":"wp","href":"https:\/\/api.w.org\/{rel}","templated":true}]}}