{"id":363843,"date":"2026-09-03T04:55:34","date_gmt":"2026-09-03T04:55:34","guid":{"rendered":"https:\/\/www.europesays.com\/se\/363843\/"},"modified":"2026-09-03T04:55:34","modified_gmt":"2026-09-03T04:55:34","slug":"overvakningskamera-slogs-pa-timmar-innan-dadet","status":"publish","type":"post","link":"https:\/\/www.europesays.com\/se\/363843\/","title":{"rendered":"\u00d6vervakningskamera slogs p\u00e5 timmar innan d\u00e5det"},"content":{"rendered":"<p>Brinellskolan i Fagersta installerade och b\u00f6rjade anv\u00e4nda sin f\u00f6rsta \u00f6vervakningskamera samma dag som skold\u00e5det intr\u00e4ffade, rapporterar P4 V\u00e4stmanland. <\/p>\n<p>Materialet har varit till stor hj\u00e4lp under polisutredningen.  <\/p>\n<p>\u2013 Jag t\u00e4nker att det \u00e4r en otroligt lycklig slump i sammanhanget, s\u00e4ger Johannes H\u00e5ll, tillf\u00f6rordnad skolchef.<\/p>\n<p>Polisen vill inte kommentera vad som framkommit av \u00f6vervakningsfilmerna. <\/p>\n<p>Omni \u00e4r politiskt obundna och oberoende. Vi str\u00e4var efter att ge fler perspektiv p\u00e5 nyheterna. Har du fr\u00e5gor eller synpunkter kring v\u00e5r rapportering? <a href=\"https:\/\/omni.se\/overvakningskamera-slogs-pa-timmar-innan-dadet\/a\/mailto:redaktion@omni.se\" class=\"ArticleActions-module-scss-module__w9u9BG__contactLink\" rel=\"nofollow noopener\" target=\"_blank\">Kontakta redaktionen<\/a><\/p>\n","protected":false},"excerpt":{"rendered":"Brinellskolan i Fagersta installerade och b\u00f6rjade anv\u00e4nda sin f\u00f6rsta \u00f6vervakningskamera samma dag som skold\u00e5det intr\u00e4ffade, rapporterar P4 V\u00e4stmanland.&hellip;\n","protected":false},"author":2,"featured_media":363844,"comment_status":"","ping_status":"","sticky":false,"template":"","format":"standard","meta":{"footnotes":"","_share_on_mastodon":"0"},"categories":[5],"tags":[22,23,39270,26,27,17,21,24,25,28,29,15,16,18,34,39377,31,33,32,30,19,20,4337],"class_list":["post-363843","post","type-post","status-publish","format-standard","has-post-thumbnail","category-rubriker","tag-breaking-news","tag-breakingnews","tag-fagersta","tag-featured-news","tag-featurednews","tag-headlines","tag-huvudnyheter","tag-latest-news","tag-latestnews","tag-main-news","tag-mainnews","tag-news","tag-nyheter","tag-rubriker","tag-se","tag-skoldadet-i-fagersta","tag-svenska","tag-sverige","tag-sweden","tag-swedish","tag-top-stories","tag-topstories","tag-vastmanlands-lan"],"share_on_mastodon":{"url":"https:\/\/pubeurope.com\/@se\/117205330981940989","error":""},"_links":{"self":[{"href":"https:\/\/www.europesays.com\/se\/wp-json\/wp\/v2\/posts\/363843","targetHints":{"allow":["GET"]}}],"collection":[{"href":"https:\/\/www.europesays.com\/se\/wp-json\/wp\/v2\/posts"}],"about":[{"href":"https:\/\/www.europesays.com\/se\/wp-json\/wp\/v2\/types\/post"}],"author":[{"embeddable":true,"href":"https:\/\/www.europesays.com\/se\/wp-json\/wp\/v2\/users\/2"}],"replies":[{"embeddable":true,"href":"https:\/\/www.europesays.com\/se\/wp-json\/wp\/v2\/comments?post=363843"}],"version-history":[{"count":0,"href":"https:\/\/www.europesays.com\/se\/wp-json\/wp\/v2\/posts\/363843\/revisions"}],"wp:featuredmedia":[{"embeddable":true,"href":"https:\/\/www.europesays.com\/se\/wp-json\/wp\/v2\/media\/363844"}],"wp:attachment":[{"href":"https:\/\/www.europesays.com\/se\/wp-json\/wp\/v2\/media?parent=363843"}],"wp:term":[{"taxonomy":"category","embeddable":true,"href":"https:\/\/www.europesays.com\/se\/wp-json\/wp\/v2\/categories?post=363843"},{"taxonomy":"post_tag","embeddable":true,"href":"https:\/\/www.europesays.com\/se\/wp-json\/wp\/v2\/tags?post=363843"}],"curies":[{"name":"wp","href":"https:\/\/api.w.org\/{rel}","templated":true}]}}