{"id":363847,"date":"2026-09-03T04:58:19","date_gmt":"2026-09-03T04:58:19","guid":{"rendered":"https:\/\/www.europesays.com\/se\/363847\/"},"modified":"2026-09-03T04:58:19","modified_gmt":"2026-09-03T04:58:19","slug":"josefine-jinder-jag-dor-hellre-an-att-kanna-efter","status":"publish","type":"post","link":"https:\/\/www.europesays.com\/se\/363847\/","title":{"rendered":"JOSEFINE JINDER: Jag d\u00f6r hellre \u00e4n att k\u00e4nna efter"},"content":{"rendered":"<p>Publicerad 3 sep 2026 kl 06.00<\/p>\n<p>Josefine Jinder f\u00f6rklarar hur man lever b\u00e4st.\u00a0<\/p>\n<p><img   alt=\"\"\/><\/p>\n<p>En buss p\u00e5 v\u00e4g.<\/p>\n<p>Foto: MAGNUS LEJHALL<\/p>\n<p>\u00d6ppna bild i helsk\u00e4rm<img loading=\"lazy\"   alt=\"\"\/><\/p>\n<p>Josefine Jinder \u00e4r musiker, skribent och medarbetare p\u00e5 Expressens kultursida.<\/p>\n<p>Foto: Privat<\/p>\n<p>\u00d6ppna bild i helsk\u00e4rm<\/p>\n<p><strong>KULTURESS\u00c4. <\/strong>Gud vad jag \u00e4lskar m\u00e4nniskor. De \u00e4r verkligen som roligast n\u00e4r de inte vet om det sj\u00e4lva. Min nya favoritperson, som jag ocks\u00e5 \u00e4lskar, \u00e4r killen som skrek \u201dBROMSA DIN J\u00c4VLA HORA!!!\u201d till busschauff\u00f6ren som svimmade med foten p\u00e5 gasen utanf\u00f6r J\u00f6nk\u00f6ping.\u00a0<\/p>\n<p>Jag hade aldrig uppt\u00e4ckt honom om inte internet fanns. Gammelmedierna hade av n\u00e5gon sjuk anledning klippt bort just den lilla detaljen i sin rapportering. Som tur var blev orginalklippet viralt och d\u00e4r h\u00f6r man det klart och tydligt: \u201dBROMSA DIN J\u00c4VLA HORA!!!\u201d. Inte nog med det. Det verkar som att han skriker det till kvinnan som kom till allas unds\u00e4ttning. Hon som flyger fram, tar \u00f6ver ratten och r\u00e4ddar bland annat \u2013 ja \u2013 hans liv. Hj\u00e4lte eller hora? Hora tydligen. Men vem \u00e4r jag att d\u00f6ma? Jag f\u00f6rst\u00e5r att ordet \u201dhora\u201d kan komma reflexm\u00e4ssigt i brinnande d\u00f6dsskr\u00e4ck.\u00a0<\/p>\n<p>Jag var, tyv\u00e4rr f\u00e5r man s\u00e4ga, med om en snarlik situation p\u00e5 en abonnerad buss p\u00e5 v\u00e4g mot en 40-\u00e5rsfest i Trosa h\u00e4rom helgen. Chauff\u00f6ren k\u00f6rde fel och f\u00f6rs\u00f6kte v\u00e4nda bussen p\u00e5 en v\u00e4g som inte var en v\u00e4g, snarare en \u201dstig\u201d &#8211; och k\u00f6rde ner i ett dike. Pl\u00f6tsligt stod bussen i typ nittio graders lutning. Han f\u00f6rs\u00f6kte gunga ut den p\u00e5 ett m\u00e4rkligt s\u00e4tt vilket bara gjorde saken v\u00e4rre, tills han backade in i ett tr\u00e4d. Vilken sekund som helst skulle vi v\u00e4lta och d\u00f6. Kanske inte d\u00f6 men skada oss lite i alla fall. Det blev obehagligt tyst. Man h\u00f6rde hur b\u00e4lten b\u00f6rjade klickas i. Han joxade p\u00e5. Ni f\u00f6rst\u00e5r. Det var allvar. S\u00e5 jag gjorde det. P\u00e5 impuls. Skrek. \u201dBROMSA DIN J\u00c4VLA HORA!!!\u201d. Det l\u00e4ttade inte bara upp st\u00e4mningen, det visade sig vid n\u00e4rmre eftertanke vara en subversiv livsregel jag verkligen hatar.<\/p>\n<blockquote><p>Vi var s\u00e5 unga den kv\u00e4llen. Man blir n\u00e4mligen automatiskt 14 \u00e5r n\u00e4r man pratar om &#8217;killar&#8217;.<\/p><\/blockquote>\n<p>N\u00e5gra dagar senare m\u00f6tte jag upp ett riktigt j\u00e4vla r\u00f6vg\u00e4ng p\u00e5 min nya favoritbar som jag tror \u00e4r ett kaf\u00e9 med alkoholtillst\u00e5nd (eftersom det heter just \u201dkaf\u00e9\u201d). F\u00f6rutom att man kan f\u00e5 en vidbr\u00e4nd croque monsieur till sitt glas s\u00e5 sitter det alltid n\u00e5n gammal medlem i typ Roxette vid ett bord, kanske en excentrisk f\u00f6rfattare som frenetiskt tuggar p\u00e5 en pinne (lakritsrot) vid n\u00e5got annat, varf\u00f6r inte en snygg och lite d\u00f6v teaterchef i h\u00f6rnet? En och annan avdankad sk\u00e5dis i baren. Det \u00e4r ett konserverat mini-Caf\u00e9 opera p\u00e5 1980-talet och jag \u00e4lskar det. Det \u00e4r s\u00e5 sk\u00f6nt att slippa unga m\u00e4nniskor. \u00c4ntligen \u00e4r jag ung igen eftersom det \u00f6vriga klientelet snittar p\u00e5 hundra \u00e5r. (OBS! Ingen under 60 f\u00e5r b\u00f6rja g\u00e5 dit. F\u00f6rst\u00f6r inte det h\u00e4r nu.) Vi var s\u00e5 unga den kv\u00e4llen. Man blir n\u00e4mligen automatiskt 14 \u00e5r n\u00e4r man pratar om \u201dkillar\u201d.\u00a0<\/p>\n<p>En i g\u00e4nget hade extremt mycket \u00e5ngest \u00f6ver att en kille inte svarat direkt p\u00e5 ett meddelande. Och jag h\u00f6ll med, fan vad \u00e4cklig stil. Det \u00e4r helt sjukt att inte svara direkt. Alla vet att alla \u00e4r p\u00e5 sina telefoner dygnet runt och ett ickesvar direkt \u00e4r ett hejd\u00e5. Och \u00e4r det inte ett hejd\u00e5 s\u00e5 \u00e4r man \u00e4nd\u00e5 fett tr\u00e5kig om man inte svarar direkt. \u00c4r man osv\u00e4ngig i text blir det dessutom ett rungande hejd\u00e5 fr\u00e5n mig direkt. En sak vet jag: \u00e4r man k\u00e4r svarar man DIREKT. \u00c4r man kul \u00e4r man det direkt. Och \u00e4r man inte k\u00e4r direkt kommer man inte bli det heller. Det \u00e4r bara s\u00e5 det ser ut. Jag har helt enkelt svimmat vid ratten med foten p\u00e5 gasen mentalt och kan inte BROMSA DIN J\u00c4VLA HORA!!!\u00a0<\/p>\n<p>Annons<\/p>\n<p>Jag har h\u00f6rt att jag borde bli b\u00e4ttre p\u00e5 det men bromsen kommer med s\u00e5 obehagliga k\u00e4nslor? Tristess. Fy. Os\u00e4kerhet. Aldrig i livet. Kanske ett \u201djag vet inte\u2026\u201d. Spyr. Jag f\u00e5r allergisk stressreaktion av bara tanken p\u00e5 att vara \u201dseg\u201d. Att inte svara \u00e4r l\u00e5ngsammare \u00e4n att svara. Att inte best\u00e4mma sig \u00e4r mer utdraget \u00e4n att fatta fel beslut. Att sakna n\u00e5gon tar mycket l\u00e4ngre tid \u00e4n att hitta n\u00e5gon ny. Hur kan osnabba personer inte lida av brinnande d\u00f6dsskr\u00e4ck dygnet runt? Sansa dig gick s\u00e5 bromsa din j\u00e4vla hora kunde springa. Sluta sansa er. Man har ett (1) liv.<\/p>\n<blockquote><p>Enda problemet \u00e4r att jag aldrig tr\u00e4ffat n\u00e5gon likasinnad som hinner vara med mig.<\/p><\/blockquote>\n<p>Det finns inget b\u00e4ttre \u00e4n att skriva p\u00e5 kontrakt direkt utan att ha l\u00e4st det. Bli k\u00e4r sekunden man tr\u00e4ffar n\u00e5gon f\u00f6rsta g\u00e5ngen. F\u00e5 en id\u00e9 och utf\u00f6ra den innan n\u00e5gon hinner f\u00f6rklara varf\u00f6r den \u00e4r d\u00e5lig. Jag g\u00f6r det hela tiden! Det \u00e4r s\u00e5 j\u00e4vla soft. Man blir bra p\u00e5 att b\u00e5de sk\u00e4mmas och f\u00f6rl\u00e5ta sig sj\u00e4lv. G\u00e5 (spring) vidare.<\/p>\n<p>F\u00f6r l\u00e4nge sedan sa en kompis \u201dd\u00f6da mig innan jag d\u00f6r\u201d n\u00e4r han kom hem lite tr\u00f6tt efter att ha supit nittio dagar i str\u00e4ck i New York. Exakt s\u00e5 k\u00e4nner jag inf\u00f6r att ha \u201dBROMSA DIN J\u00c4VLA HORA!!!\u201d som livsfilosofi. Finns det n\u00e5got v\u00e4rre \u00e4n en m\u00e4nniska som \u201dska k\u00e4nna efter\u201d, \u201dbeh\u00f6ver lite tid\u201d, \u201dvill se vart det leder\u201d, \u201d\u00e5terkommer n\u00e4sta vecka\u201d? Nej. Jag d\u00f6r hellre \u00e4n att 1) vara en s\u00e5n person och 2) vara med en s\u00e5n person.<\/p>\n<p>Enda problemet \u00e4r att jag aldrig tr\u00e4ffat n\u00e5gon likasinnad som hinner vara med mig.<\/p>\n<p>Josefine Jinder \u00e4r musiker, skribent och medarbetare p\u00e5 Expressens kultursida.<\/p>\n","protected":false},"excerpt":{"rendered":"Publicerad 3 sep 2026 kl 06.00 Josefine Jinder f\u00f6rklarar hur man lever b\u00e4st.\u00a0 En buss p\u00e5 v\u00e4g. Foto:&hellip;\n","protected":false},"author":2,"featured_media":363848,"comment_status":"","ping_status":"","sticky":false,"template":"","format":"standard","meta":{"footnotes":"","_share_on_mastodon":"0"},"categories":[67],"tags":[104,35031,36950,36949,1248,34,31,33,32,30,905,105],"class_list":["post-363847","post","type-post","status-publish","format-standard","has-post-thumbnail","category-underhallning","tag-entertainment","tag-expressen-kultur","tag-josefine-jinder","tag-josefinejinder","tag-kollektivtrafik","tag-se","tag-svenska","tag-sverige","tag-sweden","tag-swedish","tag-teater","tag-underhallning"],"share_on_mastodon":{"url":"https:\/\/pubeurope.com\/@se\/117205343211950597","error":""},"_links":{"self":[{"href":"https:\/\/www.europesays.com\/se\/wp-json\/wp\/v2\/posts\/363847","targetHints":{"allow":["GET"]}}],"collection":[{"href":"https:\/\/www.europesays.com\/se\/wp-json\/wp\/v2\/posts"}],"about":[{"href":"https:\/\/www.europesays.com\/se\/wp-json\/wp\/v2\/types\/post"}],"author":[{"embeddable":true,"href":"https:\/\/www.europesays.com\/se\/wp-json\/wp\/v2\/users\/2"}],"replies":[{"embeddable":true,"href":"https:\/\/www.europesays.com\/se\/wp-json\/wp\/v2\/comments?post=363847"}],"version-history":[{"count":0,"href":"https:\/\/www.europesays.com\/se\/wp-json\/wp\/v2\/posts\/363847\/revisions"}],"wp:featuredmedia":[{"embeddable":true,"href":"https:\/\/www.europesays.com\/se\/wp-json\/wp\/v2\/media\/363848"}],"wp:attachment":[{"href":"https:\/\/www.europesays.com\/se\/wp-json\/wp\/v2\/media?parent=363847"}],"wp:term":[{"taxonomy":"category","embeddable":true,"href":"https:\/\/www.europesays.com\/se\/wp-json\/wp\/v2\/categories?post=363847"},{"taxonomy":"post_tag","embeddable":true,"href":"https:\/\/www.europesays.com\/se\/wp-json\/wp\/v2\/tags?post=363847"}],"curies":[{"name":"wp","href":"https:\/\/api.w.org\/{rel}","templated":true}]}}