{"id":363853,"date":"2026-09-03T05:03:01","date_gmt":"2026-09-03T05:03:01","guid":{"rendered":"https:\/\/www.europesays.com\/se\/363853\/"},"modified":"2026-09-03T05:03:01","modified_gmt":"2026-09-03T05:03:01","slug":"iran-tackar-ryssland-for-stod-under-usa-krig-2","status":"publish","type":"post","link":"https:\/\/www.europesays.com\/se\/363853\/","title":{"rendered":"Iran tackar Ryssland f\u00f6r st\u00f6d under USA-krig"},"content":{"rendered":"<p><img loading=\"lazy\" alt=\"Irans president Masoud Pezeshkian tackar den ryske ledaren Vladimir Putin f\u00f6r st\u00f6d under kriget med USA. \" width=\"1920\" height=\"1200\" decoding=\"async\" data-nimg=\"1\" style=\"color:transparent;max-width:100%;width:100%\"   src=\"https:\/\/www.europesays.com\/se\/wp-content\/uploads\/2026\/09\/0JA3MofzNJlzWpwKxOzU0FQU7J1A-REGULAR.jpg\"\/>Irans president Masoud Pezeshkian tackar den ryske ledaren Vladimir Putin f\u00f6r st\u00f6d under kriget med USA.  Bild: Vyacheslav Prokofyev\/Sputnik Kreml via AP\/TT <\/p>\n<p class=\"sc-95f4b9fc-4 iWvXwU no-break-inside\" data-testid=\"article-top_article-lead\">V\u00e4rldenIrans president Masoud Pezeshkian tackade den ryske ledare Vladimir Putin f\u00f6r den ryska h\u00e5llningen i det p\u00e5g\u00e5ende kriget mellan USA och Iran.<br \/>Tacks\u00e4gelsen skedde under det p\u00e5g\u00e5ende toppm\u00f6tet i Kirgizistan.<\/p>\n","protected":false},"excerpt":{"rendered":"Irans president Masoud Pezeshkian tackar den ryske ledaren Vladimir Putin f\u00f6r st\u00f6d under kriget med USA. Bild: Vyacheslav&hellip;\n","protected":false},"author":2,"featured_media":363854,"comment_status":"","ping_status":"","sticky":false,"template":"","format":"standard","meta":{"footnotes":"","_share_on_mastodon":"0"},"categories":[14],"tags":[22,23,26,27,17,21,24,25,28,29,15,16,18,34,31,33,32,30,19,20,51,52,53,54],"class_list":["post-363853","post","type-post","status-publish","format-standard","has-post-thumbnail","category-varlden","tag-breaking-news","tag-breakingnews","tag-featured-news","tag-featurednews","tag-headlines","tag-huvudnyheter","tag-latest-news","tag-latestnews","tag-main-news","tag-mainnews","tag-news","tag-nyheter","tag-rubriker","tag-se","tag-svenska","tag-sverige","tag-sweden","tag-swedish","tag-top-stories","tag-topstories","tag-varlden","tag-world","tag-world-news","tag-worldnews"],"share_on_mastodon":{"url":"https:\/\/pubeurope.com\/@se\/117205363001988777","error":""},"_links":{"self":[{"href":"https:\/\/www.europesays.com\/se\/wp-json\/wp\/v2\/posts\/363853","targetHints":{"allow":["GET"]}}],"collection":[{"href":"https:\/\/www.europesays.com\/se\/wp-json\/wp\/v2\/posts"}],"about":[{"href":"https:\/\/www.europesays.com\/se\/wp-json\/wp\/v2\/types\/post"}],"author":[{"embeddable":true,"href":"https:\/\/www.europesays.com\/se\/wp-json\/wp\/v2\/users\/2"}],"replies":[{"embeddable":true,"href":"https:\/\/www.europesays.com\/se\/wp-json\/wp\/v2\/comments?post=363853"}],"version-history":[{"count":0,"href":"https:\/\/www.europesays.com\/se\/wp-json\/wp\/v2\/posts\/363853\/revisions"}],"wp:featuredmedia":[{"embeddable":true,"href":"https:\/\/www.europesays.com\/se\/wp-json\/wp\/v2\/media\/363854"}],"wp:attachment":[{"href":"https:\/\/www.europesays.com\/se\/wp-json\/wp\/v2\/media?parent=363853"}],"wp:term":[{"taxonomy":"category","embeddable":true,"href":"https:\/\/www.europesays.com\/se\/wp-json\/wp\/v2\/categories?post=363853"},{"taxonomy":"post_tag","embeddable":true,"href":"https:\/\/www.europesays.com\/se\/wp-json\/wp\/v2\/tags?post=363853"}],"curies":[{"name":"wp","href":"https:\/\/api.w.org\/{rel}","templated":true}]}}