{"id":363855,"date":"2026-09-03T05:04:12","date_gmt":"2026-09-03T05:04:12","guid":{"rendered":"https:\/\/www.europesays.com\/se\/363855\/"},"modified":"2026-09-03T05:04:12","modified_gmt":"2026-09-03T05:04:12","slug":"farre-elever-skolor-kan-stangas-i-79-kommuner-nya-wermlands-tidningen","status":"publish","type":"post","link":"https:\/\/www.europesays.com\/se\/363855\/","title":{"rendered":"F\u00e4rre elever \u2013 skolor kan st\u00e4ngas i 79 kommuner &#8211; Nya Wermlands-Tidningen"},"content":{"rendered":"<ol>\n<li><a href=\"https:\/\/news.google.com\/rss\/articles\/CBMihAFBVV95cUxQYjRxbEpZa2VHMkozbEpxdHMzMlBQU0g1TmtEOUNjbGdvaVZsanBFZkJTRUVpNGpKNUozaDVTMmh6bC1GX0ZmUFFkeGRRNTdjXzdRcnBZZGlLN0dWREZubkRkQU1ySjVBbFRRZ04yLU9ZUU5mQ05ZQ2dITTB5Mnp1dlJVRzM?oc=5\" target=\"_blank\" rel=\"nofollow noopener\">F\u00e4rre elever \u2013 skolor kan st\u00e4ngas i 79 kommuner<\/a>&nbsp;&nbsp;Nya Wermlands-Tidningen<\/li>\n<li><a href=\"https:\/\/news.google.com\/rss\/articles\/CBMijAFBVV95cUxQb1ZNSXRQSm1nMEVDVjg4Z2M0c2FOTTVWZVZid1Z6U3c1RW0waGJUVURLZ1F2WE1TTm5CWU5BOEh3SlNaQVZmaUljTW1wN1lWRmFmYVJtZFhWbUVMT2VaMF9LY0plYjdQbktHWHBGQlV0YXBLbXFYeDR0aUZrNlhWem9xcHJKY2VJeDhKbQ?oc=5\" target=\"_blank\" rel=\"nofollow noopener\">INS\u00c4NDARE: \u201dVisa siffrorna \u00f6ppet \u2013 hur m\u00e5nga barn g\u00e4ller det?\u201d<\/a>&nbsp;&nbsp;Nya Kristinehamns-Posten<\/li>\n<li><a href=\"https:\/\/news.google.com\/rss\/articles\/CBMipAFBVV95cUxQczZJdFVNcmh1djZIVTlwNG5sZnExcTFOOUotU1ZZUXZpSVZaYmV0QW9HN2ZqbUpicmd6Z1JrcWFYaEtWeTFIdVN4RjZUM2pPYzY5Rlg1UjZrTkM5LXZKZkRhVXl3eFA5NnpEUF90UC1EY0FQWmM2SnlqdWM0SmxFdUgxcTBmZ0xfMEdQUXBhMnVOZ3Vka1B6NWk0YVltTkI5TEZjdA?oc=5\" target=\"_blank\" rel=\"nofollow noopener\">\u00c5sikterna om skolans framtid g\u00e5r is\u00e4r \u2013 det h\u00e4r tycker politikerna<\/a>&nbsp;&nbsp;Dalsl\u00e4nningen<\/li>\n<li><a href=\"https:\/\/news.google.com\/rss\/articles\/CBMiswFBVV95cUxQRXB2TVY5UkRReWl2RXpfRHdBWWdKUEdHaFFtcXFINzFaeEdNaGFYVDdPczJaYlM5UjZBaU1kbllyOG5FLWxsZ3VOX2hkU3VYOWxJV0xyekRSN0o1Nk1RZHN5enZEYUhnWTZkYXM5amJYVVVOZ3IyeDQxMVNEcl8xNkU0dk1XU21rTS1lUXF5ZXJSb29OQllCT1MwcHU5emxqUV9OWExNQ1FMQ3EyY1IwUDZ1TQ?oc=5\" target=\"_blank\" rel=\"nofollow noopener\">1 900 f\u00e4rre skolbarn i V\u00e4rmland om fyra \u00e5r \u2013 Grunnebacka skolas framtid avg\u00f6rs av valet<\/a>&nbsp;&nbsp;SVT Nyheter<\/li>\n<\/ol>\n","protected":false},"excerpt":{"rendered":"F\u00e4rre elever \u2013 skolor kan st\u00e4ngas i 79 kommuner&nbsp;&nbsp;Nya Wermlands-Tidningen INS\u00c4NDARE: \u201dVisa siffrorna \u00f6ppet \u2013 hur m\u00e5nga barn&hellip;\n","protected":false},"author":2,"featured_media":363856,"comment_status":"","ping_status":"","sticky":false,"template":"","format":"standard","meta":{"footnotes":"","_share_on_mastodon":"0"},"categories":[12],"tags":[22,23,26,27,17,21,24,25,28,29,15,16,18,34,31,33,32,30,19,20],"class_list":["post-363855","post","type-post","status-publish","format-standard","has-post-thumbnail","category-sverige","tag-breaking-news","tag-breakingnews","tag-featured-news","tag-featurednews","tag-headlines","tag-huvudnyheter","tag-latest-news","tag-latestnews","tag-main-news","tag-mainnews","tag-news","tag-nyheter","tag-rubriker","tag-se","tag-svenska","tag-sverige","tag-sweden","tag-swedish","tag-top-stories","tag-topstories"],"share_on_mastodon":{"url":"https:\/\/pubeurope.com\/@se\/117205366702910990","error":""},"_links":{"self":[{"href":"https:\/\/www.europesays.com\/se\/wp-json\/wp\/v2\/posts\/363855","targetHints":{"allow":["GET"]}}],"collection":[{"href":"https:\/\/www.europesays.com\/se\/wp-json\/wp\/v2\/posts"}],"about":[{"href":"https:\/\/www.europesays.com\/se\/wp-json\/wp\/v2\/types\/post"}],"author":[{"embeddable":true,"href":"https:\/\/www.europesays.com\/se\/wp-json\/wp\/v2\/users\/2"}],"replies":[{"embeddable":true,"href":"https:\/\/www.europesays.com\/se\/wp-json\/wp\/v2\/comments?post=363855"}],"version-history":[{"count":0,"href":"https:\/\/www.europesays.com\/se\/wp-json\/wp\/v2\/posts\/363855\/revisions"}],"wp:featuredmedia":[{"embeddable":true,"href":"https:\/\/www.europesays.com\/se\/wp-json\/wp\/v2\/media\/363856"}],"wp:attachment":[{"href":"https:\/\/www.europesays.com\/se\/wp-json\/wp\/v2\/media?parent=363855"}],"wp:term":[{"taxonomy":"category","embeddable":true,"href":"https:\/\/www.europesays.com\/se\/wp-json\/wp\/v2\/categories?post=363855"},{"taxonomy":"post_tag","embeddable":true,"href":"https:\/\/www.europesays.com\/se\/wp-json\/wp\/v2\/tags?post=363855"}],"curies":[{"name":"wp","href":"https:\/\/api.w.org\/{rel}","templated":true}]}}